{"id":7470,"date":"2020-06-08T15:22:11","date_gmt":"2020-06-08T13:22:11","guid":{"rendered":"https:\/\/serhsfood.com\/serhs-food-creix-nou-lleida-gestio-hospital-salut-mental-sant-joan-deu\/"},"modified":"2020-06-08T15:54:26","modified_gmt":"2020-06-08T13:54:26","slug":"serhs-food-se-developpe-a-nouveau-a-lleida-avec-la-gestion-de-lhopital-de-sante-mentale-de-san-juan-de-dios","status":"publish","type":"post","link":"https:\/\/serhsfood.com\/fr\/restauration\/serhs-food-se-developpe-a-nouveau-a-lleida-avec-la-gestion-de-lhopital-de-sante-mentale-de-san-juan-de-dios\/","title":{"rendered":"SERHS FOOD se d\u00e9veloppe \u00e0 nouveau \u00e0 Lleida avec la gestion de l&rsquo;h\u00f4pital de sant\u00e9 mentale de San Juan de Dios"},"content":{"rendered":"<p><strong>SERHS Food<\/strong> poursuit sa mise en \u0153uvre dans le domaine de la sant\u00e9 dans les terres de Lleida, cette fois avec l&rsquo;aide de San Juan de Dios, avec la gestion de l&rsquo;h\u00f4pital de sant\u00e9 mentale (adultes et enfants et jeunes). R\u00e9cemment, en f\u00e9vrier dernier, <strong>SERHS Food<\/strong> \u00e9tait d\u00e9j\u00e0 la soci\u00e9t\u00e9 qui a re\u00e7u le service de restauration du centre d&rsquo;assistance de San Juan de Dios Tierras de Lleida &#8211; Almacelles qui dessert environ 400 personnes par jour.<\/p>\n<p>L&rsquo;<strong>h\u00f4pital de San Juan de Dios \u00e0 Lleida <\/strong>fait partie du projet d&rsquo;assistance globale en sant\u00e9 mentale des enfants et des jeunes, sant\u00e9 mentale des personnes handicap\u00e9es mentales et attention aux troubles mentaux graves chez les adultes que l&rsquo;Ordre propose pour la province de Lleida, en s&rsquo;attaquant aux pathologies dans une perspective int\u00e9grative bio-psycho-sociale et spirituelle, et avec la vision de la continuit\u00e9 des processus de soins. L&rsquo;H\u00f4pital pour adultes a une capacit\u00e9 de 130 places et l&rsquo;H\u00f4pital de jour pour enfants et jeunes de 30 places, en plus des services compl\u00e9mentaires qu&rsquo;il offre.<\/p>\n<p><strong>SERHS Food<\/strong> d\u00e9veloppera la restauration \u00e0 partir de juin 2020 adapt\u00e9e \u00e0 chaque type de r\u00e9gime prescrit selon les crit\u00e8res nutritionnels de l&rsquo;\u00e9quipe de di\u00e9t\u00e9ticiens sur la base du r\u00e9gime m\u00e9diterran\u00e9en, sain, \u00e9quilibr\u00e9 et durable. Elle a plus de 40 ans d&rsquo;exp\u00e9rience et une \u00e9quipe de 2 550 travailleurs et est la premi\u00e8re et la seule entreprise de restauration collective en Espagne certifi\u00e9e dans la norme FSSC 22000 pour la s\u00e9curit\u00e9 alimentaire. Avec ce nouvel ajout, il renforce sa position dans les terres de Lleida o\u00f9 il g\u00e8re l&rsquo;alimentation de grands centres tels que le complexe socio-sanitaire de l&rsquo;h\u00f4pital universitaire Arnau de Vilanova de Lleida (HUAV), l&rsquo;h\u00f4pital de Santa Mar\u00eda et l&rsquo;Institut de recherche biom\u00e9dicale. , dans le domaine de l&rsquo;\u00e9ducation <strong>SERHS Food<\/strong> d\u00e9veloppe le service de restauration depuis plus de 4 ans \u00e0 l&rsquo;\u00e9cole Claver Raimat (J\u00e9suites Lleida) pour plus de 1300 \u00e9l\u00e8ves, centre de r\u00e9f\u00e9rence sur le territoire.<\/p>\n<p><img loading=\"lazy\" decoding=\"async\" class=\"alignnone wp-image-7457\" src=\"https:\/\/serhsfood.com\/wp-content\/uploads\/Imatge-HOSPITAL-DE-LLEIDA-SJD-SFood-300x117.jpg\" alt=\"\" width=\"400\" height=\"156\" srcset=\"https:\/\/serhsfood.com\/wp-content\/uploads\/Imatge-HOSPITAL-DE-LLEIDA-SJD-SFood-300x117.jpg 300w, https:\/\/serhsfood.com\/wp-content\/uploads\/Imatge-HOSPITAL-DE-LLEIDA-SJD-SFood-1024x399.jpg 1024w, https:\/\/serhsfood.com\/wp-content\/uploads\/Imatge-HOSPITAL-DE-LLEIDA-SJD-SFood-768x299.jpg 768w, https:\/\/serhsfood.com\/wp-content\/uploads\/Imatge-HOSPITAL-DE-LLEIDA-SJD-SFood-1536x599.jpg 1536w, https:\/\/serhsfood.com\/wp-content\/uploads\/Imatge-HOSPITAL-DE-LLEIDA-SJD-SFood-2048x798.jpg 2048w, https:\/\/serhsfood.com\/wp-content\/uploads\/Imatge-HOSPITAL-DE-LLEIDA-SJD-SFood-280x109.jpg 280w, https:\/\/serhsfood.com\/wp-content\/uploads\/Imatge-HOSPITAL-DE-LLEIDA-SJD-SFood-scaled.jpg 1170w\" sizes=\"auto, (max-width: 400px) 100vw, 400px\" \/><\/p>\n","protected":false},"excerpt":{"rendered":"<p>SERHS Food poursuit sa mise en \u0153uvre dans le domaine de la sant\u00e9 dans les terres de Lleida, cette fois avec l&rsquo;aide de San Juan de Dios, avec la gestion de l&rsquo;h\u00f4pital de sant\u00e9 mentale (adultes et enfants et jeunes). R\u00e9cemment, en f\u00e9vrier dernier, SERHS Food \u00e9tait d\u00e9j\u00e0 la soci\u00e9t\u00e9 qui a re\u00e7u le service<\/p>\n","protected":false},"author":6,"featured_media":7463,"comment_status":"closed","ping_status":"closed","sticky":false,"template":"","format":"standard","meta":{"footnotes":""},"categories":[56],"tags":[],"class_list":["post-7470","post","type-post","status-publish","format-standard","has-post-thumbnail","hentry","category-restauration"],"yoast_head":"<!-- This site is optimized with the Yoast SEO plugin v25.6 - https:\/\/yoast.com\/wordpress\/plugins\/seo\/ -->\n<title>SERHS FOOD \u00e0 Lleida avec la gestion de l&#039;h\u00f4pital de sant\u00e9 mentale<\/title>\n<meta name=\"description\" content=\"SERHS Food poursuit sa mise en \u0153uvre dans le domaine de la sant\u00e9 dans les terres de Lleida, cette fois avec l&#039;aide de San Juan de Dios, avec la gestion de l&#039;h\u00f4pital de sant\u00e9 mentale (adultes et enfants et jeunes).\" \/>\n<meta name=\"robots\" content=\"index, follow, max-snippet:-1, max-image-preview:large, max-video-preview:-1\" \/>\n<link rel=\"canonical\" href=\"https:\/\/serhsfood.com\/fr\/restauration\/serhs-food-se-developpe-a-nouveau-a-lleida-avec-la-gestion-de-lhopital-de-sante-mentale-de-san-juan-de-dios\/\" \/>\n<meta property=\"og:locale\" content=\"fr_FR\" \/>\n<meta property=\"og:type\" content=\"article\" \/>\n<meta property=\"og:title\" content=\"SERHS FOOD \u00e0 Lleida avec la gestion de l&#039;h\u00f4pital de sant\u00e9 mentale\" \/>\n<meta property=\"og:description\" content=\"SERHS Food poursuit sa mise en \u0153uvre dans le domaine de la sant\u00e9 dans les terres de Lleida, cette fois avec l&#039;aide de San Juan de Dios, avec la gestion de l&#039;h\u00f4pital de sant\u00e9 mentale (adultes et enfants et jeunes).\" \/>\n<meta property=\"og:url\" content=\"https:\/\/serhsfood.com\/fr\/restauration\/serhs-food-se-developpe-a-nouveau-a-lleida-avec-la-gestion-de-lhopital-de-sante-mentale-de-san-juan-de-dios\/\" \/>\n<meta property=\"og:site_name\" content=\"Serhs Food\" \/>\n<meta property=\"article:published_time\" content=\"2020-06-08T13:22:11+00:00\" \/>\n<meta property=\"article:modified_time\" content=\"2020-06-08T13:54:26+00:00\" \/>\n<meta property=\"og:image\" content=\"https:\/\/serhsfood.com\/wp-content\/uploads\/0_Hospital_SJD_Lleida_400x226.jpg\" \/>\n\t<meta property=\"og:image:width\" content=\"400\" \/>\n\t<meta property=\"og:image:height\" content=\"226\" \/>\n\t<meta property=\"og:image:type\" content=\"image\/jpeg\" \/>\n<meta name=\"author\" content=\"quality\" \/>\n<meta name=\"twitter:card\" content=\"summary_large_image\" \/>\n<meta name=\"twitter:label1\" content=\"\u00c9crit par\" \/>\n\t<meta name=\"twitter:data1\" content=\"quality\" \/>\n\t<meta name=\"twitter:label2\" content=\"Dur\u00e9e de lecture estim\u00e9e\" \/>\n\t<meta name=\"twitter:data2\" content=\"2 minutes\" \/>\n<script type=\"application\/ld+json\" class=\"yoast-schema-graph\">{\"@context\":\"https:\/\/schema.org\",\"@graph\":[{\"@type\":\"WebPage\",\"@id\":\"https:\/\/serhsfood.com\/fr\/restauration\/serhs-food-se-developpe-a-nouveau-a-lleida-avec-la-gestion-de-lhopital-de-sante-mentale-de-san-juan-de-dios\/\",\"url\":\"https:\/\/serhsfood.com\/fr\/restauration\/serhs-food-se-developpe-a-nouveau-a-lleida-avec-la-gestion-de-lhopital-de-sante-mentale-de-san-juan-de-dios\/\",\"name\":\"SERHS FOOD \u00e0 Lleida avec la gestion de l'h\u00f4pital de sant\u00e9 mentale\",\"isPartOf\":{\"@id\":\"https:\/\/serhsfood.com\/#website\"},\"primaryImageOfPage\":{\"@id\":\"https:\/\/serhsfood.com\/fr\/restauration\/serhs-food-se-developpe-a-nouveau-a-lleida-avec-la-gestion-de-lhopital-de-sante-mentale-de-san-juan-de-dios\/#primaryimage\"},\"image\":{\"@id\":\"https:\/\/serhsfood.com\/fr\/restauration\/serhs-food-se-developpe-a-nouveau-a-lleida-avec-la-gestion-de-lhopital-de-sante-mentale-de-san-juan-de-dios\/#primaryimage\"},\"thumbnailUrl\":\"https:\/\/serhsfood.com\/wp-content\/uploads\/0_Hospital_SJD_Lleida_400x226.jpg\",\"datePublished\":\"2020-06-08T13:22:11+00:00\",\"dateModified\":\"2020-06-08T13:54:26+00:00\",\"author\":{\"@id\":\"https:\/\/serhsfood.com\/#\/schema\/person\/2bd0c86954df9ccd343970ceae4df4e1\"},\"description\":\"SERHS Food poursuit sa mise en \u0153uvre dans le domaine de la sant\u00e9 dans les terres de Lleida, cette fois avec l'aide de San Juan de Dios, avec la gestion de l'h\u00f4pital de sant\u00e9 mentale (adultes et enfants et jeunes).\",\"breadcrumb\":{\"@id\":\"https:\/\/serhsfood.com\/fr\/restauration\/serhs-food-se-developpe-a-nouveau-a-lleida-avec-la-gestion-de-lhopital-de-sante-mentale-de-san-juan-de-dios\/#breadcrumb\"},\"inLanguage\":\"fr-FR\",\"potentialAction\":[{\"@type\":\"ReadAction\",\"target\":[\"https:\/\/serhsfood.com\/fr\/restauration\/serhs-food-se-developpe-a-nouveau-a-lleida-avec-la-gestion-de-lhopital-de-sante-mentale-de-san-juan-de-dios\/\"]}]},{\"@type\":\"ImageObject\",\"inLanguage\":\"fr-FR\",\"@id\":\"https:\/\/serhsfood.com\/fr\/restauration\/serhs-food-se-developpe-a-nouveau-a-lleida-avec-la-gestion-de-lhopital-de-sante-mentale-de-san-juan-de-dios\/#primaryimage\",\"url\":\"https:\/\/serhsfood.com\/wp-content\/uploads\/0_Hospital_SJD_Lleida_400x226.jpg\",\"contentUrl\":\"https:\/\/serhsfood.com\/wp-content\/uploads\/0_Hospital_SJD_Lleida_400x226.jpg\",\"width\":400,\"height\":226},{\"@type\":\"BreadcrumbList\",\"@id\":\"https:\/\/serhsfood.com\/fr\/restauration\/serhs-food-se-developpe-a-nouveau-a-lleida-avec-la-gestion-de-lhopital-de-sante-mentale-de-san-juan-de-dios\/#breadcrumb\",\"itemListElement\":[{\"@type\":\"ListItem\",\"position\":1,\"name\":\"Inici\",\"item\":\"https:\/\/serhsfood.com\/\"},{\"@type\":\"ListItem\",\"position\":2,\"name\":\"SERHS FOOD se d\u00e9veloppe \u00e0 nouveau \u00e0 Lleida avec la gestion de l&rsquo;h\u00f4pital de sant\u00e9 mentale de San Juan de Dios\"}]},{\"@type\":\"WebSite\",\"@id\":\"https:\/\/serhsfood.com\/#website\",\"url\":\"https:\/\/serhsfood.com\/\",\"name\":\"Serhs Food\",\"description\":\"Alimentaci\u00f3\",\"potentialAction\":[{\"@type\":\"SearchAction\",\"target\":{\"@type\":\"EntryPoint\",\"urlTemplate\":\"https:\/\/serhsfood.com\/?s={search_term_string}\"},\"query-input\":{\"@type\":\"PropertyValueSpecification\",\"valueRequired\":true,\"valueName\":\"search_term_string\"}}],\"inLanguage\":\"fr-FR\"},{\"@type\":\"Person\",\"@id\":\"https:\/\/serhsfood.com\/#\/schema\/person\/2bd0c86954df9ccd343970ceae4df4e1\",\"name\":\"quality\",\"url\":\"https:\/\/serhsfood.com\/fr\/author\/quality\/\"}]}<\/script>\n<!-- \/ Yoast SEO plugin. -->","yoast_head_json":{"title":"SERHS FOOD \u00e0 Lleida avec la gestion de l'h\u00f4pital de sant\u00e9 mentale","description":"SERHS Food poursuit sa mise en \u0153uvre dans le domaine de la sant\u00e9 dans les terres de Lleida, cette fois avec l'aide de San Juan de Dios, avec la gestion de l'h\u00f4pital de sant\u00e9 mentale (adultes et enfants et jeunes).","robots":{"index":"index","follow":"follow","max-snippet":"max-snippet:-1","max-image-preview":"max-image-preview:large","max-video-preview":"max-video-preview:-1"},"canonical":"https:\/\/serhsfood.com\/fr\/restauration\/serhs-food-se-developpe-a-nouveau-a-lleida-avec-la-gestion-de-lhopital-de-sante-mentale-de-san-juan-de-dios\/","og_locale":"fr_FR","og_type":"article","og_title":"SERHS FOOD \u00e0 Lleida avec la gestion de l'h\u00f4pital de sant\u00e9 mentale","og_description":"SERHS Food poursuit sa mise en \u0153uvre dans le domaine de la sant\u00e9 dans les terres de Lleida, cette fois avec l'aide de San Juan de Dios, avec la gestion de l'h\u00f4pital de sant\u00e9 mentale (adultes et enfants et jeunes).","og_url":"https:\/\/serhsfood.com\/fr\/restauration\/serhs-food-se-developpe-a-nouveau-a-lleida-avec-la-gestion-de-lhopital-de-sante-mentale-de-san-juan-de-dios\/","og_site_name":"Serhs Food","article_published_time":"2020-06-08T13:22:11+00:00","article_modified_time":"2020-06-08T13:54:26+00:00","og_image":[{"width":400,"height":226,"url":"https:\/\/serhsfood.com\/wp-content\/uploads\/0_Hospital_SJD_Lleida_400x226.jpg","type":"image\/jpeg"}],"author":"quality","twitter_card":"summary_large_image","twitter_misc":{"\u00c9crit par":"quality","Dur\u00e9e de lecture estim\u00e9e":"2 minutes"},"schema":{"@context":"https:\/\/schema.org","@graph":[{"@type":"WebPage","@id":"https:\/\/serhsfood.com\/fr\/restauration\/serhs-food-se-developpe-a-nouveau-a-lleida-avec-la-gestion-de-lhopital-de-sante-mentale-de-san-juan-de-dios\/","url":"https:\/\/serhsfood.com\/fr\/restauration\/serhs-food-se-developpe-a-nouveau-a-lleida-avec-la-gestion-de-lhopital-de-sante-mentale-de-san-juan-de-dios\/","name":"SERHS FOOD \u00e0 Lleida avec la gestion de l'h\u00f4pital de sant\u00e9 mentale","isPartOf":{"@id":"https:\/\/serhsfood.com\/#website"},"primaryImageOfPage":{"@id":"https:\/\/serhsfood.com\/fr\/restauration\/serhs-food-se-developpe-a-nouveau-a-lleida-avec-la-gestion-de-lhopital-de-sante-mentale-de-san-juan-de-dios\/#primaryimage"},"image":{"@id":"https:\/\/serhsfood.com\/fr\/restauration\/serhs-food-se-developpe-a-nouveau-a-lleida-avec-la-gestion-de-lhopital-de-sante-mentale-de-san-juan-de-dios\/#primaryimage"},"thumbnailUrl":"https:\/\/serhsfood.com\/wp-content\/uploads\/0_Hospital_SJD_Lleida_400x226.jpg","datePublished":"2020-06-08T13:22:11+00:00","dateModified":"2020-06-08T13:54:26+00:00","author":{"@id":"https:\/\/serhsfood.com\/#\/schema\/person\/2bd0c86954df9ccd343970ceae4df4e1"},"description":"SERHS Food poursuit sa mise en \u0153uvre dans le domaine de la sant\u00e9 dans les terres de Lleida, cette fois avec l'aide de San Juan de Dios, avec la gestion de l'h\u00f4pital de sant\u00e9 mentale (adultes et enfants et jeunes).","breadcrumb":{"@id":"https:\/\/serhsfood.com\/fr\/restauration\/serhs-food-se-developpe-a-nouveau-a-lleida-avec-la-gestion-de-lhopital-de-sante-mentale-de-san-juan-de-dios\/#breadcrumb"},"inLanguage":"fr-FR","potentialAction":[{"@type":"ReadAction","target":["https:\/\/serhsfood.com\/fr\/restauration\/serhs-food-se-developpe-a-nouveau-a-lleida-avec-la-gestion-de-lhopital-de-sante-mentale-de-san-juan-de-dios\/"]}]},{"@type":"ImageObject","inLanguage":"fr-FR","@id":"https:\/\/serhsfood.com\/fr\/restauration\/serhs-food-se-developpe-a-nouveau-a-lleida-avec-la-gestion-de-lhopital-de-sante-mentale-de-san-juan-de-dios\/#primaryimage","url":"https:\/\/serhsfood.com\/wp-content\/uploads\/0_Hospital_SJD_Lleida_400x226.jpg","contentUrl":"https:\/\/serhsfood.com\/wp-content\/uploads\/0_Hospital_SJD_Lleida_400x226.jpg","width":400,"height":226},{"@type":"BreadcrumbList","@id":"https:\/\/serhsfood.com\/fr\/restauration\/serhs-food-se-developpe-a-nouveau-a-lleida-avec-la-gestion-de-lhopital-de-sante-mentale-de-san-juan-de-dios\/#breadcrumb","itemListElement":[{"@type":"ListItem","position":1,"name":"Inici","item":"https:\/\/serhsfood.com\/"},{"@type":"ListItem","position":2,"name":"SERHS FOOD se d\u00e9veloppe \u00e0 nouveau \u00e0 Lleida avec la gestion de l&rsquo;h\u00f4pital de sant\u00e9 mentale de San Juan de Dios"}]},{"@type":"WebSite","@id":"https:\/\/serhsfood.com\/#website","url":"https:\/\/serhsfood.com\/","name":"Serhs Food","description":"Alimentaci\u00f3","potentialAction":[{"@type":"SearchAction","target":{"@type":"EntryPoint","urlTemplate":"https:\/\/serhsfood.com\/?s={search_term_string}"},"query-input":{"@type":"PropertyValueSpecification","valueRequired":true,"valueName":"search_term_string"}}],"inLanguage":"fr-FR"},{"@type":"Person","@id":"https:\/\/serhsfood.com\/#\/schema\/person\/2bd0c86954df9ccd343970ceae4df4e1","name":"quality","url":"https:\/\/serhsfood.com\/fr\/author\/quality\/"}]}},"_links":{"self":[{"href":"https:\/\/serhsfood.com\/fr\/wp-json\/wp\/v2\/posts\/7470","targetHints":{"allow":["GET"]}}],"collection":[{"href":"https:\/\/serhsfood.com\/fr\/wp-json\/wp\/v2\/posts"}],"about":[{"href":"https:\/\/serhsfood.com\/fr\/wp-json\/wp\/v2\/types\/post"}],"author":[{"embeddable":true,"href":"https:\/\/serhsfood.com\/fr\/wp-json\/wp\/v2\/users\/6"}],"replies":[{"embeddable":true,"href":"https:\/\/serhsfood.com\/fr\/wp-json\/wp\/v2\/comments?post=7470"}],"version-history":[{"count":1,"href":"https:\/\/serhsfood.com\/fr\/wp-json\/wp\/v2\/posts\/7470\/revisions"}],"predecessor-version":[{"id":7471,"href":"https:\/\/serhsfood.com\/fr\/wp-json\/wp\/v2\/posts\/7470\/revisions\/7471"}],"wp:featuredmedia":[{"embeddable":true,"href":"https:\/\/serhsfood.com\/fr\/wp-json\/wp\/v2\/media\/7463"}],"wp:attachment":[{"href":"https:\/\/serhsfood.com\/fr\/wp-json\/wp\/v2\/media?parent=7470"}],"wp:term":[{"taxonomy":"category","embeddable":true,"href":"https:\/\/serhsfood.com\/fr\/wp-json\/wp\/v2\/categories?post=7470"},{"taxonomy":"post_tag","embeddable":true,"href":"https:\/\/serhsfood.com\/fr\/wp-json\/wp\/v2\/tags?post=7470"}],"curies":[{"name":"wp","href":"https:\/\/api.w.org\/{rel}","templated":true}]}}