{"id":13548,"date":"2024-03-01T12:41:54","date_gmt":"2024-03-01T11:41:54","guid":{"rendered":"https:\/\/serhsfood.com\/?p=13548"},"modified":"2024-03-26T12:31:56","modified_gmt":"2024-03-26T11:31:56","slug":"la-paeria-reconnait-serhs-food-pour-son-action-sociale-avec-lassociation-caritative-sant-vicenc-de-paul","status":"publish","type":"post","link":"https:\/\/serhsfood.com\/fr\/ev\/la-paeria-reconnait-serhs-food-pour-son-action-sociale-avec-lassociation-caritative-sant-vicenc-de-paul\/","title":{"rendered":"LA PAERIA RECONNA\u00ceT SERHS FOOD POUR SON ACTION SOCIALE AVEC L&rsquo;ASSOCIATION CARITATIVE SANT VICEN\u00c7 DE PAUL"},"content":{"rendered":"<p>La <strong>Paeria<\/strong> a distingu\u00e9 24 entreprises et agents sociaux qui, au cours de l&rsquo;ann\u00e9e 2023, ont contribu\u00e9 \u00e0 am\u00e9liorer et modifier de mani\u00e8re significative les situations d&rsquo;exclusion sociale. Ils l&rsquo;ont fait dans le cadre de la <a href=\"https:\/\/www.paeria.cat\/es\/actualidad\/noticias\/24-empresas-y-agentes-sociales-de-lleida-reciben-el-reconocimiento-a-la-accion-social-y-solidaria?set_language=es\"><strong>Reconnaissance de l&rsquo;Action Sociale et Solidaire,<\/strong><\/a> dont la c\u00e9r\u00e9monie de remise a eu lieu \u00e0 l&rsquo;Auditorium Enric Granados, \u00e0 l&rsquo;occasion de la Journ\u00e9e de la Justice Sociale. Plus pr\u00e9cis\u00e9ment, la municipalit\u00e9 a attribu\u00e9 <a href=\"https:\/\/serhsfood.com\/fr\/\"><strong>SERHS Food<\/strong><\/a> sur proposition de <strong>l&rsquo;Association caritative San Vicente de Paul (Arrels).<\/strong> L&rsquo;entreprise \u00e9tait repr\u00e9sent\u00e9e par Jordi Cabrespina (directeur commercial et financier), Jorge Fern\u00e1ndez (responsable de zone) et Eudald Puig (directeur marketing et communication). Et Susi Costafreda \u00e9tait pr\u00e9sente du c\u00f4t\u00e9 de l&rsquo;association aux c\u00f4t\u00e9s de responsables de l&rsquo;entit\u00e9.<\/p>\n<p>Depuis fin 2022, l&rsquo;entreprise entretient une relation avec l&rsquo;Association caritative San Vicente de Paul avec laquelle elle <strong>collabore dans la gestion de l&rsquo;utilisation alimentaire pour <a href=\"https:\/\/serhsfood.com\/fr\/serhs-food-contribue-au-guide-de-la-generalitat-pour-la-prevention-et-la-reduction-du-gaspillage-alimentaire\/\">r\u00e9duire les d\u00e9chets<\/a><\/strong> et <strong>rendre accessible aux citoyens des aliments en parfait \u00e9tat du point de vente.<\/strong> de la s\u00e9curit\u00e9 alimentaire. Avec ces locaux, nous avons travaill\u00e9 de mani\u00e8re coordonn\u00e9e entre les h\u00f4pitaux Arnau de Vilanova et Santa Maria, l&rsquo;Association caritative Sant Vicen\u00e7 de Pa\u00fcl et SERHS Food pour promouvoir un<strong> accord de collaboration qui comprend cette initiative visant \u00e0 donner des surplus de nourriture aux personnes dans le besoin de L\u00e9rida de vuln\u00e9rabilit\u00e9 sociale.<\/strong> Cette initiative a \u00e9t\u00e9 tr\u00e8s bien accueillie et son fonctionnement est satisfaisant. Il s\u2019int\u00e8gre parfaitement \u00e0 l\u2019aspect humain, \u00e0 l\u2019id\u00e9e d\u2019int\u00e9gration sociale et de durabilit\u00e9 comme piliers fondamentaux de SERHS Food.<\/p>\n<p>De son c\u00f4t\u00e9, le maire de Lleida, F\u00e8lix Larrosa, a pr\u00e9sid\u00e9 la remise des prix et a r\u00e9fl\u00e9chi devant le public sur la question \u00ab <strong>que ferions-nous sans vous ?<\/strong> En ces termes, Larrosa a fait r\u00e9f\u00e9rence aux \u00ab\u00a0entreprises engag\u00e9es et aux entit\u00e9s du troisi\u00e8me secteur parce qu&rsquo;elles ont et apportent une valeur et une force claires et puissantes \u00e0 la soci\u00e9t\u00e9 de Lleida\u00a0\u00bb. En outre, l&rsquo;adjoint au maire de l&rsquo;Action Sociale et de l&rsquo;Innovation, Carlos Enjuanes, a rappel\u00e9 qu&rsquo;\u00ab il y a plus d&rsquo;un an, j&rsquo;ai repr\u00e9sent\u00e9 l&rsquo;une des entit\u00e9s qui ont r\u00e9alis\u00e9 cet acte de v\u00e9ritable gratitude envers les entreprises qui repr\u00e9sentent un stimulant et un exemple pour le secteur\u00bb. <strong>La reconnaissance de l&rsquo;Action Sociale et Solidaire de Lleida, qui en est \u00e0 sa onzi\u00e8me ann\u00e9e, a permis de distinguer un total de 245 entreprises et agents sociaux.<\/strong><\/p>\n<p>\u200b<img loading=\"lazy\" decoding=\"async\" class=\"alignnone size-medium wp-image-13537\" src=\"https:\/\/serhsfood.com\/wp-content\/uploads\/2-5-300x170.jpg\" alt=\"\" width=\"300\" height=\"170\" srcset=\"https:\/\/serhsfood.com\/wp-content\/uploads\/2-5-300x170.jpg 300w, https:\/\/serhsfood.com\/wp-content\/uploads\/2-5-280x158.jpg 280w, https:\/\/serhsfood.com\/wp-content\/uploads\/2-5.jpg 400w\" sizes=\"auto, (max-width: 300px) 100vw, 300px\" \/><\/p>\n","protected":false},"excerpt":{"rendered":"<p>La Mairie de Lleida a r\u00e9compens\u00e9 hier SERHS Food pour son action sociale exceptionnelle, reconnaissant sa collaboration avec l&rsquo;Association caritative Sant Vicen\u00e7 de Paul dans la gestion responsable de l&rsquo;alimentation pour lutter contre l&rsquo;exclusion sociale.<\/p>\n","protected":false},"author":6,"featured_media":13533,"comment_status":"closed","ping_status":"closed","sticky":false,"template":"","format":"standard","meta":{"footnotes":""},"categories":[50,208],"tags":[],"class_list":["post-13548","post","type-post","status-publish","format-standard","has-post-thumbnail","hentry","category-ev","category-home-fr"],"yoast_head":"<!-- This site is optimized with the Yoast SEO plugin v25.6 - https:\/\/yoast.com\/wordpress\/plugins\/seo\/ -->\n<title>SERHS Food : Action sociale contre le gaspillage alimentaire<\/title>\n<meta name=\"description\" content=\"D\u00e9couvrez comment l&#039;action sociale exemplaire de SERHS Food met en avant l&#039;engagement des entreprises contre le gaspillage alimentaire.\" \/>\n<meta name=\"robots\" content=\"index, follow, max-snippet:-1, max-image-preview:large, max-video-preview:-1\" \/>\n<link rel=\"canonical\" href=\"https:\/\/serhsfood.com\/fr\/ev\/la-paeria-reconnait-serhs-food-pour-son-action-sociale-avec-lassociation-caritative-sant-vicenc-de-paul\/\" \/>\n<meta property=\"og:locale\" content=\"fr_FR\" \/>\n<meta property=\"og:type\" content=\"article\" \/>\n<meta property=\"og:title\" content=\"SERHS Food : Action sociale contre le gaspillage alimentaire\" \/>\n<meta property=\"og:description\" content=\"D\u00e9couvrez comment l&#039;action sociale exemplaire de SERHS Food met en avant l&#039;engagement des entreprises contre le gaspillage alimentaire.\" \/>\n<meta property=\"og:url\" content=\"https:\/\/serhsfood.com\/fr\/ev\/la-paeria-reconnait-serhs-food-pour-son-action-sociale-avec-lassociation-caritative-sant-vicenc-de-paul\/\" \/>\n<meta property=\"og:site_name\" content=\"Serhs Food\" \/>\n<meta property=\"article:published_time\" content=\"2024-03-01T11:41:54+00:00\" \/>\n<meta property=\"article:modified_time\" content=\"2024-03-26T11:31:56+00:00\" \/>\n<meta property=\"og:image\" content=\"https:\/\/serhsfood.com\/wp-content\/uploads\/1-6.jpg\" \/>\n\t<meta property=\"og:image:width\" content=\"400\" \/>\n\t<meta property=\"og:image:height\" content=\"226\" \/>\n\t<meta property=\"og:image:type\" content=\"image\/jpeg\" \/>\n<meta name=\"author\" content=\"quality\" \/>\n<meta name=\"twitter:card\" content=\"summary_large_image\" \/>\n<meta name=\"twitter:label1\" content=\"\u00c9crit par\" \/>\n\t<meta name=\"twitter:data1\" content=\"quality\" \/>\n\t<meta name=\"twitter:label2\" content=\"Dur\u00e9e de lecture estim\u00e9e\" \/>\n\t<meta name=\"twitter:data2\" content=\"3 minutes\" \/>\n<script type=\"application\/ld+json\" class=\"yoast-schema-graph\">{\"@context\":\"https:\/\/schema.org\",\"@graph\":[{\"@type\":\"WebPage\",\"@id\":\"https:\/\/serhsfood.com\/fr\/ev\/la-paeria-reconnait-serhs-food-pour-son-action-sociale-avec-lassociation-caritative-sant-vicenc-de-paul\/\",\"url\":\"https:\/\/serhsfood.com\/fr\/ev\/la-paeria-reconnait-serhs-food-pour-son-action-sociale-avec-lassociation-caritative-sant-vicenc-de-paul\/\",\"name\":\"SERHS Food : Action sociale contre le gaspillage alimentaire\",\"isPartOf\":{\"@id\":\"https:\/\/serhsfood.com\/#website\"},\"primaryImageOfPage\":{\"@id\":\"https:\/\/serhsfood.com\/fr\/ev\/la-paeria-reconnait-serhs-food-pour-son-action-sociale-avec-lassociation-caritative-sant-vicenc-de-paul\/#primaryimage\"},\"image\":{\"@id\":\"https:\/\/serhsfood.com\/fr\/ev\/la-paeria-reconnait-serhs-food-pour-son-action-sociale-avec-lassociation-caritative-sant-vicenc-de-paul\/#primaryimage\"},\"thumbnailUrl\":\"https:\/\/serhsfood.com\/wp-content\/uploads\/1-6.jpg\",\"datePublished\":\"2024-03-01T11:41:54+00:00\",\"dateModified\":\"2024-03-26T11:31:56+00:00\",\"author\":{\"@id\":\"https:\/\/serhsfood.com\/#\/schema\/person\/2bd0c86954df9ccd343970ceae4df4e1\"},\"description\":\"D\u00e9couvrez comment l'action sociale exemplaire de SERHS Food met en avant l'engagement des entreprises contre le gaspillage alimentaire.\",\"breadcrumb\":{\"@id\":\"https:\/\/serhsfood.com\/fr\/ev\/la-paeria-reconnait-serhs-food-pour-son-action-sociale-avec-lassociation-caritative-sant-vicenc-de-paul\/#breadcrumb\"},\"inLanguage\":\"fr-FR\",\"potentialAction\":[{\"@type\":\"ReadAction\",\"target\":[\"https:\/\/serhsfood.com\/fr\/ev\/la-paeria-reconnait-serhs-food-pour-son-action-sociale-avec-lassociation-caritative-sant-vicenc-de-paul\/\"]}]},{\"@type\":\"ImageObject\",\"inLanguage\":\"fr-FR\",\"@id\":\"https:\/\/serhsfood.com\/fr\/ev\/la-paeria-reconnait-serhs-food-pour-son-action-sociale-avec-lassociation-caritative-sant-vicenc-de-paul\/#primaryimage\",\"url\":\"https:\/\/serhsfood.com\/wp-content\/uploads\/1-6.jpg\",\"contentUrl\":\"https:\/\/serhsfood.com\/wp-content\/uploads\/1-6.jpg\",\"width\":400,\"height\":226,\"caption\":\"ES PRESENTA EL PRIMER ESTUDI SOBRE LA RESTAURACI\u00d3 COL\u00b7LECTIVA A CATALUNYA AMB LA COL\u00b7LABORACI\u00d3 DE SERHS Food\"},{\"@type\":\"BreadcrumbList\",\"@id\":\"https:\/\/serhsfood.com\/fr\/ev\/la-paeria-reconnait-serhs-food-pour-son-action-sociale-avec-lassociation-caritative-sant-vicenc-de-paul\/#breadcrumb\",\"itemListElement\":[{\"@type\":\"ListItem\",\"position\":1,\"name\":\"Inici\",\"item\":\"https:\/\/serhsfood.com\/\"},{\"@type\":\"ListItem\",\"position\":2,\"name\":\"LA PAERIA RECONNA\u00ceT SERHS FOOD POUR SON ACTION SOCIALE AVEC L&rsquo;ASSOCIATION CARITATIVE SANT VICEN\u00c7 DE PAUL\"}]},{\"@type\":\"WebSite\",\"@id\":\"https:\/\/serhsfood.com\/#website\",\"url\":\"https:\/\/serhsfood.com\/\",\"name\":\"Serhs Food\",\"description\":\"Alimentaci\u00f3\",\"potentialAction\":[{\"@type\":\"SearchAction\",\"target\":{\"@type\":\"EntryPoint\",\"urlTemplate\":\"https:\/\/serhsfood.com\/?s={search_term_string}\"},\"query-input\":{\"@type\":\"PropertyValueSpecification\",\"valueRequired\":true,\"valueName\":\"search_term_string\"}}],\"inLanguage\":\"fr-FR\"},{\"@type\":\"Person\",\"@id\":\"https:\/\/serhsfood.com\/#\/schema\/person\/2bd0c86954df9ccd343970ceae4df4e1\",\"name\":\"quality\",\"url\":\"https:\/\/serhsfood.com\/fr\/author\/quality\/\"}]}<\/script>\n<!-- \/ Yoast SEO plugin. -->","yoast_head_json":{"title":"SERHS Food : Action sociale contre le gaspillage alimentaire","description":"D\u00e9couvrez comment l'action sociale exemplaire de SERHS Food met en avant l'engagement des entreprises contre le gaspillage alimentaire.","robots":{"index":"index","follow":"follow","max-snippet":"max-snippet:-1","max-image-preview":"max-image-preview:large","max-video-preview":"max-video-preview:-1"},"canonical":"https:\/\/serhsfood.com\/fr\/ev\/la-paeria-reconnait-serhs-food-pour-son-action-sociale-avec-lassociation-caritative-sant-vicenc-de-paul\/","og_locale":"fr_FR","og_type":"article","og_title":"SERHS Food : Action sociale contre le gaspillage alimentaire","og_description":"D\u00e9couvrez comment l'action sociale exemplaire de SERHS Food met en avant l'engagement des entreprises contre le gaspillage alimentaire.","og_url":"https:\/\/serhsfood.com\/fr\/ev\/la-paeria-reconnait-serhs-food-pour-son-action-sociale-avec-lassociation-caritative-sant-vicenc-de-paul\/","og_site_name":"Serhs Food","article_published_time":"2024-03-01T11:41:54+00:00","article_modified_time":"2024-03-26T11:31:56+00:00","og_image":[{"width":400,"height":226,"url":"https:\/\/serhsfood.com\/wp-content\/uploads\/1-6.jpg","type":"image\/jpeg"}],"author":"quality","twitter_card":"summary_large_image","twitter_misc":{"\u00c9crit par":"quality","Dur\u00e9e de lecture estim\u00e9e":"3 minutes"},"schema":{"@context":"https:\/\/schema.org","@graph":[{"@type":"WebPage","@id":"https:\/\/serhsfood.com\/fr\/ev\/la-paeria-reconnait-serhs-food-pour-son-action-sociale-avec-lassociation-caritative-sant-vicenc-de-paul\/","url":"https:\/\/serhsfood.com\/fr\/ev\/la-paeria-reconnait-serhs-food-pour-son-action-sociale-avec-lassociation-caritative-sant-vicenc-de-paul\/","name":"SERHS Food : Action sociale contre le gaspillage alimentaire","isPartOf":{"@id":"https:\/\/serhsfood.com\/#website"},"primaryImageOfPage":{"@id":"https:\/\/serhsfood.com\/fr\/ev\/la-paeria-reconnait-serhs-food-pour-son-action-sociale-avec-lassociation-caritative-sant-vicenc-de-paul\/#primaryimage"},"image":{"@id":"https:\/\/serhsfood.com\/fr\/ev\/la-paeria-reconnait-serhs-food-pour-son-action-sociale-avec-lassociation-caritative-sant-vicenc-de-paul\/#primaryimage"},"thumbnailUrl":"https:\/\/serhsfood.com\/wp-content\/uploads\/1-6.jpg","datePublished":"2024-03-01T11:41:54+00:00","dateModified":"2024-03-26T11:31:56+00:00","author":{"@id":"https:\/\/serhsfood.com\/#\/schema\/person\/2bd0c86954df9ccd343970ceae4df4e1"},"description":"D\u00e9couvrez comment l'action sociale exemplaire de SERHS Food met en avant l'engagement des entreprises contre le gaspillage alimentaire.","breadcrumb":{"@id":"https:\/\/serhsfood.com\/fr\/ev\/la-paeria-reconnait-serhs-food-pour-son-action-sociale-avec-lassociation-caritative-sant-vicenc-de-paul\/#breadcrumb"},"inLanguage":"fr-FR","potentialAction":[{"@type":"ReadAction","target":["https:\/\/serhsfood.com\/fr\/ev\/la-paeria-reconnait-serhs-food-pour-son-action-sociale-avec-lassociation-caritative-sant-vicenc-de-paul\/"]}]},{"@type":"ImageObject","inLanguage":"fr-FR","@id":"https:\/\/serhsfood.com\/fr\/ev\/la-paeria-reconnait-serhs-food-pour-son-action-sociale-avec-lassociation-caritative-sant-vicenc-de-paul\/#primaryimage","url":"https:\/\/serhsfood.com\/wp-content\/uploads\/1-6.jpg","contentUrl":"https:\/\/serhsfood.com\/wp-content\/uploads\/1-6.jpg","width":400,"height":226,"caption":"ES PRESENTA EL PRIMER ESTUDI SOBRE LA RESTAURACI\u00d3 COL\u00b7LECTIVA A CATALUNYA AMB LA COL\u00b7LABORACI\u00d3 DE SERHS Food"},{"@type":"BreadcrumbList","@id":"https:\/\/serhsfood.com\/fr\/ev\/la-paeria-reconnait-serhs-food-pour-son-action-sociale-avec-lassociation-caritative-sant-vicenc-de-paul\/#breadcrumb","itemListElement":[{"@type":"ListItem","position":1,"name":"Inici","item":"https:\/\/serhsfood.com\/"},{"@type":"ListItem","position":2,"name":"LA PAERIA RECONNA\u00ceT SERHS FOOD POUR SON ACTION SOCIALE AVEC L&rsquo;ASSOCIATION CARITATIVE SANT VICEN\u00c7 DE PAUL"}]},{"@type":"WebSite","@id":"https:\/\/serhsfood.com\/#website","url":"https:\/\/serhsfood.com\/","name":"Serhs Food","description":"Alimentaci\u00f3","potentialAction":[{"@type":"SearchAction","target":{"@type":"EntryPoint","urlTemplate":"https:\/\/serhsfood.com\/?s={search_term_string}"},"query-input":{"@type":"PropertyValueSpecification","valueRequired":true,"valueName":"search_term_string"}}],"inLanguage":"fr-FR"},{"@type":"Person","@id":"https:\/\/serhsfood.com\/#\/schema\/person\/2bd0c86954df9ccd343970ceae4df4e1","name":"quality","url":"https:\/\/serhsfood.com\/fr\/author\/quality\/"}]}},"_links":{"self":[{"href":"https:\/\/serhsfood.com\/fr\/wp-json\/wp\/v2\/posts\/13548","targetHints":{"allow":["GET"]}}],"collection":[{"href":"https:\/\/serhsfood.com\/fr\/wp-json\/wp\/v2\/posts"}],"about":[{"href":"https:\/\/serhsfood.com\/fr\/wp-json\/wp\/v2\/types\/post"}],"author":[{"embeddable":true,"href":"https:\/\/serhsfood.com\/fr\/wp-json\/wp\/v2\/users\/6"}],"replies":[{"embeddable":true,"href":"https:\/\/serhsfood.com\/fr\/wp-json\/wp\/v2\/comments?post=13548"}],"version-history":[{"count":1,"href":"https:\/\/serhsfood.com\/fr\/wp-json\/wp\/v2\/posts\/13548\/revisions"}],"predecessor-version":[{"id":13549,"href":"https:\/\/serhsfood.com\/fr\/wp-json\/wp\/v2\/posts\/13548\/revisions\/13549"}],"wp:featuredmedia":[{"embeddable":true,"href":"https:\/\/serhsfood.com\/fr\/wp-json\/wp\/v2\/media\/13533"}],"wp:attachment":[{"href":"https:\/\/serhsfood.com\/fr\/wp-json\/wp\/v2\/media?parent=13548"}],"wp:term":[{"taxonomy":"category","embeddable":true,"href":"https:\/\/serhsfood.com\/fr\/wp-json\/wp\/v2\/categories?post=13548"},{"taxonomy":"post_tag","embeddable":true,"href":"https:\/\/serhsfood.com\/fr\/wp-json\/wp\/v2\/tags?post=13548"}],"curies":[{"name":"wp","href":"https:\/\/api.w.org\/{rel}","templated":true}]}}