{"id":6556,"date":"2017-12-13T09:23:48","date_gmt":"2017-12-13T08:23:48","guid":{"rendered":"https:\/\/serhsfood.com\/?p=6556"},"modified":"2017-12-13T09:23:48","modified_gmt":"2017-12-13T08:23:48","slug":"arcs-catering-asiste-feria-mi-boda-barcelona","status":"publish","type":"post","link":"https:\/\/serhsfood.com\/es\/catering\/arcs-catering-asiste-feria-mi-boda-barcelona\/","title":{"rendered":"Arcs catering asiste a la Feria Mi Boda de Barcelona"},"content":{"rendered":"<p class=\"m_-1350584864771629560gmail-MsoNormal\">El pasado mes de octubre, el fin de semana del 22 y el 23, Arcs Cateting y Castell Jalp\u00ed han estado presentes en la Feria Mi Boda de Barcelona, para promocionar tanto el espacio y como el catering.<\/p>\n<p class=\"m_-1350584864771629560gmail-MsoNormal\">La Feria Mi boda es el \u00fanico evento que enmarca las tendencias nupciales internacionales del momento, m\u00e1s all\u00e1 de la feria de las muestras. Es un espacio de encuentro para parejas exigentes que buscan una boda personalizada donde la experiencia, la sensibilidad y la esencia los acompa\u00f1e en uno de sus d\u00edas m\u00e1s felices de su vida.<\/p>\n<p class=\"m_-1350584864771629560gmail-MsoNormal\">La feria ha estado formada por m\u00e1s de 80 stands de diferentes proveedores del sector de las bodas. Adem\u00e1s de esto, durante los dos d\u00edas se van a celebrar desfiles de moda, actuaciones en directo y talleres.<\/p>\n<p class=\"m_-1350584864771629560gmail-MsoNormal\">Castell Jalp\u00ed asesor\u00f3 a m\u00e1s de 50 parejas que buscaban un espacio para celebrar su boda y que valoran Castell como una opci\u00f3n. Algunas de estas parejas tambi\u00e9n se han interesado en nuestra l\u00ednea de catering, ya que tenemos un espacio privado y quieren que Arcs Catering prepare su banquete.<\/p>\n","protected":false},"excerpt":{"rendered":"<p>El pasado mes de octubre, el fin de semana del 22 y el 23, Arcs Cateting y Castell Jalp\u00ed han estado presentes en la Feria Mi Boda de Barcelona, para promocionar tanto el espacio y como el catering. La Feria Mi boda es el \u00fanico evento que enmarca las tendencias nupciales internacionales del momento, m\u00e1s<\/p>\n","protected":false},"author":6,"featured_media":6546,"comment_status":"closed","ping_status":"closed","sticky":false,"template":"","format":"standard","meta":{"footnotes":""},"categories":[45,41],"tags":[130],"class_list":["post-6556","post","type-post","status-publish","format-standard","has-post-thumbnail","hentry","category-catering","category-eventos","tag-arcs-catering"],"yoast_head":"<!-- This site is optimized with the Yoast SEO plugin v25.6 - https:\/\/yoast.com\/wordpress\/plugins\/seo\/ -->\n<title>Arcs catering asiste a la Feria Mi Boda de Barcelona - Serhs Food<\/title>\n<meta name=\"robots\" content=\"index, follow, max-snippet:-1, max-image-preview:large, max-video-preview:-1\" \/>\n<link rel=\"canonical\" href=\"https:\/\/serhsfood.com\/es\/catering\/arcs-catering-asiste-feria-mi-boda-barcelona\/\" \/>\n<meta property=\"og:locale\" content=\"es_ES\" \/>\n<meta property=\"og:type\" content=\"article\" \/>\n<meta property=\"og:title\" content=\"Arcs catering asiste a la Feria Mi Boda de Barcelona - Serhs Food\" \/>\n<meta property=\"og:description\" content=\"El pasado mes de octubre, el fin de semana del 22 y el 23, Arcs Cateting y Castell Jalp\u00ed han estado presentes en la Feria Mi Boda de Barcelona, para promocionar tanto el espacio y como el catering. La Feria Mi boda es el \u00fanico evento que enmarca las tendencias nupciales internacionales del momento, m\u00e1s\" \/>\n<meta property=\"og:url\" content=\"https:\/\/serhsfood.com\/es\/catering\/arcs-catering-asiste-feria-mi-boda-barcelona\/\" \/>\n<meta property=\"og:site_name\" content=\"Serhs Food\" \/>\n<meta property=\"article:published_time\" content=\"2017-12-13T08:23:48+00:00\" \/>\n<meta property=\"og:image\" content=\"https:\/\/serhsfood.com\/wp-content\/uploads\/food-noticia-1.jpg\" \/>\n\t<meta property=\"og:image:width\" content=\"969\" \/>\n\t<meta property=\"og:image:height\" content=\"570\" \/>\n\t<meta property=\"og:image:type\" content=\"image\/jpeg\" \/>\n<meta name=\"author\" content=\"quality\" \/>\n<meta name=\"twitter:card\" content=\"summary_large_image\" \/>\n<meta name=\"twitter:label1\" content=\"Escrito por\" \/>\n\t<meta name=\"twitter:data1\" content=\"quality\" \/>\n\t<meta name=\"twitter:label2\" content=\"Tiempo de lectura\" \/>\n\t<meta name=\"twitter:data2\" content=\"1 minuto\" \/>\n<script type=\"application\/ld+json\" class=\"yoast-schema-graph\">{\"@context\":\"https:\/\/schema.org\",\"@graph\":[{\"@type\":\"WebPage\",\"@id\":\"https:\/\/serhsfood.com\/es\/catering\/arcs-catering-asiste-feria-mi-boda-barcelona\/\",\"url\":\"https:\/\/serhsfood.com\/es\/catering\/arcs-catering-asiste-feria-mi-boda-barcelona\/\",\"name\":\"Arcs catering asiste a la Feria Mi Boda de Barcelona - Serhs Food\",\"isPartOf\":{\"@id\":\"https:\/\/serhsfood.com\/#website\"},\"primaryImageOfPage\":{\"@id\":\"https:\/\/serhsfood.com\/es\/catering\/arcs-catering-asiste-feria-mi-boda-barcelona\/#primaryimage\"},\"image\":{\"@id\":\"https:\/\/serhsfood.com\/es\/catering\/arcs-catering-asiste-feria-mi-boda-barcelona\/#primaryimage\"},\"thumbnailUrl\":\"https:\/\/serhsfood.com\/wp-content\/uploads\/food-noticia-1.jpg\",\"datePublished\":\"2017-12-13T08:23:48+00:00\",\"author\":{\"@id\":\"https:\/\/serhsfood.com\/#\/schema\/person\/2bd0c86954df9ccd343970ceae4df4e1\"},\"breadcrumb\":{\"@id\":\"https:\/\/serhsfood.com\/es\/catering\/arcs-catering-asiste-feria-mi-boda-barcelona\/#breadcrumb\"},\"inLanguage\":\"es\",\"potentialAction\":[{\"@type\":\"ReadAction\",\"target\":[\"https:\/\/serhsfood.com\/es\/catering\/arcs-catering-asiste-feria-mi-boda-barcelona\/\"]}]},{\"@type\":\"ImageObject\",\"inLanguage\":\"es\",\"@id\":\"https:\/\/serhsfood.com\/es\/catering\/arcs-catering-asiste-feria-mi-boda-barcelona\/#primaryimage\",\"url\":\"https:\/\/serhsfood.com\/wp-content\/uploads\/food-noticia-1.jpg\",\"contentUrl\":\"https:\/\/serhsfood.com\/wp-content\/uploads\/food-noticia-1.jpg\",\"width\":969,\"height\":570},{\"@type\":\"BreadcrumbList\",\"@id\":\"https:\/\/serhsfood.com\/es\/catering\/arcs-catering-asiste-feria-mi-boda-barcelona\/#breadcrumb\",\"itemListElement\":[{\"@type\":\"ListItem\",\"position\":1,\"name\":\"Inici\",\"item\":\"https:\/\/serhsfood.com\/\"},{\"@type\":\"ListItem\",\"position\":2,\"name\":\"Arcs catering asiste a la Feria Mi Boda de Barcelona\"}]},{\"@type\":\"WebSite\",\"@id\":\"https:\/\/serhsfood.com\/#website\",\"url\":\"https:\/\/serhsfood.com\/\",\"name\":\"Serhs Food\",\"description\":\"Alimentaci\u00f3\",\"potentialAction\":[{\"@type\":\"SearchAction\",\"target\":{\"@type\":\"EntryPoint\",\"urlTemplate\":\"https:\/\/serhsfood.com\/?s={search_term_string}\"},\"query-input\":{\"@type\":\"PropertyValueSpecification\",\"valueRequired\":true,\"valueName\":\"search_term_string\"}}],\"inLanguage\":\"es\"},{\"@type\":\"Person\",\"@id\":\"https:\/\/serhsfood.com\/#\/schema\/person\/2bd0c86954df9ccd343970ceae4df4e1\",\"name\":\"quality\",\"url\":\"https:\/\/serhsfood.com\/es\/author\/quality\/\"}]}<\/script>\n<!-- \/ Yoast SEO plugin. -->","yoast_head_json":{"title":"Arcs catering asiste a la Feria Mi Boda de Barcelona - Serhs Food","robots":{"index":"index","follow":"follow","max-snippet":"max-snippet:-1","max-image-preview":"max-image-preview:large","max-video-preview":"max-video-preview:-1"},"canonical":"https:\/\/serhsfood.com\/es\/catering\/arcs-catering-asiste-feria-mi-boda-barcelona\/","og_locale":"es_ES","og_type":"article","og_title":"Arcs catering asiste a la Feria Mi Boda de Barcelona - Serhs Food","og_description":"El pasado mes de octubre, el fin de semana del 22 y el 23, Arcs Cateting y Castell Jalp\u00ed han estado presentes en la Feria Mi Boda de Barcelona, para promocionar tanto el espacio y como el catering. La Feria Mi boda es el \u00fanico evento que enmarca las tendencias nupciales internacionales del momento, m\u00e1s","og_url":"https:\/\/serhsfood.com\/es\/catering\/arcs-catering-asiste-feria-mi-boda-barcelona\/","og_site_name":"Serhs Food","article_published_time":"2017-12-13T08:23:48+00:00","og_image":[{"width":969,"height":570,"url":"https:\/\/serhsfood.com\/wp-content\/uploads\/food-noticia-1.jpg","type":"image\/jpeg"}],"author":"quality","twitter_card":"summary_large_image","twitter_misc":{"Escrito por":"quality","Tiempo de lectura":"1 minuto"},"schema":{"@context":"https:\/\/schema.org","@graph":[{"@type":"WebPage","@id":"https:\/\/serhsfood.com\/es\/catering\/arcs-catering-asiste-feria-mi-boda-barcelona\/","url":"https:\/\/serhsfood.com\/es\/catering\/arcs-catering-asiste-feria-mi-boda-barcelona\/","name":"Arcs catering asiste a la Feria Mi Boda de Barcelona - Serhs Food","isPartOf":{"@id":"https:\/\/serhsfood.com\/#website"},"primaryImageOfPage":{"@id":"https:\/\/serhsfood.com\/es\/catering\/arcs-catering-asiste-feria-mi-boda-barcelona\/#primaryimage"},"image":{"@id":"https:\/\/serhsfood.com\/es\/catering\/arcs-catering-asiste-feria-mi-boda-barcelona\/#primaryimage"},"thumbnailUrl":"https:\/\/serhsfood.com\/wp-content\/uploads\/food-noticia-1.jpg","datePublished":"2017-12-13T08:23:48+00:00","author":{"@id":"https:\/\/serhsfood.com\/#\/schema\/person\/2bd0c86954df9ccd343970ceae4df4e1"},"breadcrumb":{"@id":"https:\/\/serhsfood.com\/es\/catering\/arcs-catering-asiste-feria-mi-boda-barcelona\/#breadcrumb"},"inLanguage":"es","potentialAction":[{"@type":"ReadAction","target":["https:\/\/serhsfood.com\/es\/catering\/arcs-catering-asiste-feria-mi-boda-barcelona\/"]}]},{"@type":"ImageObject","inLanguage":"es","@id":"https:\/\/serhsfood.com\/es\/catering\/arcs-catering-asiste-feria-mi-boda-barcelona\/#primaryimage","url":"https:\/\/serhsfood.com\/wp-content\/uploads\/food-noticia-1.jpg","contentUrl":"https:\/\/serhsfood.com\/wp-content\/uploads\/food-noticia-1.jpg","width":969,"height":570},{"@type":"BreadcrumbList","@id":"https:\/\/serhsfood.com\/es\/catering\/arcs-catering-asiste-feria-mi-boda-barcelona\/#breadcrumb","itemListElement":[{"@type":"ListItem","position":1,"name":"Inici","item":"https:\/\/serhsfood.com\/"},{"@type":"ListItem","position":2,"name":"Arcs catering asiste a la Feria Mi Boda de Barcelona"}]},{"@type":"WebSite","@id":"https:\/\/serhsfood.com\/#website","url":"https:\/\/serhsfood.com\/","name":"Serhs Food","description":"Alimentaci\u00f3","potentialAction":[{"@type":"SearchAction","target":{"@type":"EntryPoint","urlTemplate":"https:\/\/serhsfood.com\/?s={search_term_string}"},"query-input":{"@type":"PropertyValueSpecification","valueRequired":true,"valueName":"search_term_string"}}],"inLanguage":"es"},{"@type":"Person","@id":"https:\/\/serhsfood.com\/#\/schema\/person\/2bd0c86954df9ccd343970ceae4df4e1","name":"quality","url":"https:\/\/serhsfood.com\/es\/author\/quality\/"}]}},"_links":{"self":[{"href":"https:\/\/serhsfood.com\/es\/wp-json\/wp\/v2\/posts\/6556","targetHints":{"allow":["GET"]}}],"collection":[{"href":"https:\/\/serhsfood.com\/es\/wp-json\/wp\/v2\/posts"}],"about":[{"href":"https:\/\/serhsfood.com\/es\/wp-json\/wp\/v2\/types\/post"}],"author":[{"embeddable":true,"href":"https:\/\/serhsfood.com\/es\/wp-json\/wp\/v2\/users\/6"}],"replies":[{"embeddable":true,"href":"https:\/\/serhsfood.com\/es\/wp-json\/wp\/v2\/comments?post=6556"}],"version-history":[{"count":0,"href":"https:\/\/serhsfood.com\/es\/wp-json\/wp\/v2\/posts\/6556\/revisions"}],"wp:featuredmedia":[{"embeddable":true,"href":"https:\/\/serhsfood.com\/es\/wp-json\/wp\/v2\/media\/6546"}],"wp:attachment":[{"href":"https:\/\/serhsfood.com\/es\/wp-json\/wp\/v2\/media?parent=6556"}],"wp:term":[{"taxonomy":"category","embeddable":true,"href":"https:\/\/serhsfood.com\/es\/wp-json\/wp\/v2\/categories?post=6556"},{"taxonomy":"post_tag","embeddable":true,"href":"https:\/\/serhsfood.com\/es\/wp-json\/wp\/v2\/tags?post=6556"}],"curies":[{"name":"wp","href":"https:\/\/api.w.org\/{rel}","templated":true}]}}