{"id":13630,"date":"2024-03-26T11:44:54","date_gmt":"2024-03-26T10:44:54","guid":{"rendered":"https:\/\/serhsfood.com\/?p=13630"},"modified":"2024-03-26T12:27:07","modified_gmt":"2024-03-26T11:27:07","slug":"se-presenta-el-primer-estudio-sobre-la-restauracion-colectiva-en-cataluna-con-la-colaboracion-de-serhs-food","status":"publish","type":"post","link":"https:\/\/serhsfood.com\/es\/restauracion\/se-presenta-el-primer-estudio-sobre-la-restauracion-colectiva-en-cataluna-con-la-colaboracion-de-serhs-food\/","title":{"rendered":"SE PRESENTA EL PRIMER ESTUDIO SOBRE LA RESTAURACI\u00d3N COLECTIVA EN CATALU\u00d1A CON LA COLABORACI\u00d3N DE SERHS FOOD"},"content":{"rendered":"<p>El pasado 20 de marzo se present\u00f3 en el espacio RC_MeetingPoint de Alimentaria&amp;Hostelco en Barcelona, <strong>el primer estudio completo de la restauraci\u00f3n colectiva en Catalu\u00f1a,<\/strong> un sector con un volumen de negocio que supone casi <strong><u>1.000 millones de euros (967.048.123,00 \u20ac)<\/u><\/strong> y alimenta a diario a m\u00e1s de 570.000 usuarios (571.586); el 46% de la facturaci\u00f3n la generan los comedores escolares, un 26% las residencias geri\u00e1tricas, un 14% los hospitales, un 12% las empresas y un 2% los centros penitenciarios.<\/p>\n<p>Bajo el t\u00edtulo <strong>\u2018La restauraci\u00f3n colectiva en Catalunya: buscando la foto \u2018micro\u2019 del sector\u2019<\/strong>, se present\u00f3 en el \u00e1rea de colectividades de Alimentaria &amp; Hostelco (#RC_MeetingPoint) un avance del estudio del sector en Catalunya, impulsado por la revista \u2018<a href=\"https:\/\/www.restauracioncolectiva.com\/n\/exito-de-la-presentacion-del-estudio-sobre-restauracion-colectiva-en-rc-meetingpoint\"><strong>Restauraci\u00f3n Colectiva<\/strong><\/a>\u2019 y la consultora especializada Univer.<\/p>\n<p>El estudio fue presentado por Ana Tur\u00f3n, directora de la revista y del congreso de \u2018Restauraci\u00f3n Colectiva\u2019, Alexandra Tamas, fundadora y CEO en Univer, y <strong>Raimon Bag\u00f3<\/strong>, <strong>vicepresidente del Cl\u00faster Foodservice de Catalunya y director general de <a href=\"https:\/\/serhsfood.com\/es\/\">Serhs Food<\/a>.<\/strong> El estudio y la base de datos estar\u00e1 disponible a partir del mes de junio de 2024.<\/p>\n<p>La presentaci\u00f3n gener\u00f3 gran expectaci\u00f3n ya que es la primera vez que se realiza un an\u00e1lisis exhaustivo del sector en Catalunya y por tanto, la primera vez que se tendr\u00e1 la foto completa y detallada de lo que supone este mercado.<\/p>\n<p><img loading=\"lazy\" decoding=\"async\" class=\"alignnone size-medium wp-image-13631\" src=\"https:\/\/serhsfood.com\/wp-content\/uploads\/1-8-300x170.jpg\" alt=\"\" width=\"300\" height=\"170\" srcset=\"https:\/\/serhsfood.com\/wp-content\/uploads\/1-8-300x170.jpg 300w, https:\/\/serhsfood.com\/wp-content\/uploads\/1-8-280x158.jpg 280w, https:\/\/serhsfood.com\/wp-content\/uploads\/1-8.jpg 400w\" sizes=\"auto, (max-width: 300px) 100vw, 300px\" \/><\/p>\n","protected":false},"excerpt":{"rendered":"<p>SERHS Food colabora en la presentaci\u00f3n en Barcelona del primer estudio sobre restauraci\u00f3n colectiva en Catalu\u00f1a, revelando un volumen de negocio de casi 1.000 millones de euros y m\u00e1s de 570.000 usuarios diarios.<\/p>\n","protected":false},"author":8,"featured_media":13626,"comment_status":"closed","ping_status":"closed","sticky":false,"template":"","format":"standard","meta":{"footnotes":""},"categories":[205,212],"tags":[],"class_list":["post-13630","post","type-post","status-publish","format-standard","has-post-thumbnail","hentry","category-home","category-restauracion"],"yoast_head":"<!-- This site is optimized with the Yoast SEO plugin v25.6 - https:\/\/yoast.com\/wordpress\/plugins\/seo\/ -->\n<title>Primer estudio sobre la restauraci\u00f3n colectiva en Catalu\u00f1a<\/title>\n<meta name=\"description\" content=\"SERHS Food participa en la feria Alimentaria &amp; Hostelco colaborando en el primer estudio sobre la restauraci\u00f3n colectiva en Catalu\u00f1a\" \/>\n<meta name=\"robots\" content=\"index, follow, max-snippet:-1, max-image-preview:large, max-video-preview:-1\" \/>\n<link rel=\"canonical\" href=\"https:\/\/serhsfood.com\/es\/restauracion\/se-presenta-el-primer-estudio-sobre-la-restauracion-colectiva-en-cataluna-con-la-colaboracion-de-serhs-food\/\" \/>\n<meta property=\"og:locale\" content=\"es_ES\" \/>\n<meta property=\"og:type\" content=\"article\" \/>\n<meta property=\"og:title\" content=\"Primer estudio sobre la restauraci\u00f3n colectiva en Catalu\u00f1a\" \/>\n<meta property=\"og:description\" content=\"SERHS Food participa en la feria Alimentaria &amp; Hostelco colaborando en el primer estudio sobre la restauraci\u00f3n colectiva en Catalu\u00f1a\" \/>\n<meta property=\"og:url\" content=\"https:\/\/serhsfood.com\/es\/restauracion\/se-presenta-el-primer-estudio-sobre-la-restauracion-colectiva-en-cataluna-con-la-colaboracion-de-serhs-food\/\" \/>\n<meta property=\"og:site_name\" content=\"Serhs Food\" \/>\n<meta property=\"article:published_time\" content=\"2024-03-26T10:44:54+00:00\" \/>\n<meta property=\"article:modified_time\" content=\"2024-03-26T11:27:07+00:00\" \/>\n<meta property=\"og:image\" content=\"https:\/\/serhsfood.com\/wp-content\/uploads\/2-6.jpg\" \/>\n\t<meta property=\"og:image:width\" content=\"400\" \/>\n\t<meta property=\"og:image:height\" content=\"226\" \/>\n\t<meta property=\"og:image:type\" content=\"image\/jpeg\" \/>\n<meta name=\"author\" content=\"sdistribucio\" \/>\n<meta name=\"twitter:card\" content=\"summary_large_image\" \/>\n<meta name=\"twitter:label1\" content=\"Escrito por\" \/>\n\t<meta name=\"twitter:data1\" content=\"sdistribucio\" \/>\n\t<meta name=\"twitter:label2\" content=\"Tiempo de lectura\" \/>\n\t<meta name=\"twitter:data2\" content=\"2 minutos\" \/>\n<script type=\"application\/ld+json\" class=\"yoast-schema-graph\">{\"@context\":\"https:\/\/schema.org\",\"@graph\":[{\"@type\":\"WebPage\",\"@id\":\"https:\/\/serhsfood.com\/es\/restauracion\/se-presenta-el-primer-estudio-sobre-la-restauracion-colectiva-en-cataluna-con-la-colaboracion-de-serhs-food\/\",\"url\":\"https:\/\/serhsfood.com\/es\/restauracion\/se-presenta-el-primer-estudio-sobre-la-restauracion-colectiva-en-cataluna-con-la-colaboracion-de-serhs-food\/\",\"name\":\"Primer estudio sobre la restauraci\u00f3n colectiva en Catalu\u00f1a\",\"isPartOf\":{\"@id\":\"https:\/\/serhsfood.com\/#website\"},\"primaryImageOfPage\":{\"@id\":\"https:\/\/serhsfood.com\/es\/restauracion\/se-presenta-el-primer-estudio-sobre-la-restauracion-colectiva-en-cataluna-con-la-colaboracion-de-serhs-food\/#primaryimage\"},\"image\":{\"@id\":\"https:\/\/serhsfood.com\/es\/restauracion\/se-presenta-el-primer-estudio-sobre-la-restauracion-colectiva-en-cataluna-con-la-colaboracion-de-serhs-food\/#primaryimage\"},\"thumbnailUrl\":\"https:\/\/serhsfood.com\/wp-content\/uploads\/2-6.jpg\",\"datePublished\":\"2024-03-26T10:44:54+00:00\",\"dateModified\":\"2024-03-26T11:27:07+00:00\",\"author\":{\"@id\":\"https:\/\/serhsfood.com\/#\/schema\/person\/63f37d69d347ce8cf274ed8f4606cf51\"},\"description\":\"SERHS Food participa en la feria Alimentaria & Hostelco colaborando en el primer estudio sobre la restauraci\u00f3n colectiva en Catalu\u00f1a\",\"breadcrumb\":{\"@id\":\"https:\/\/serhsfood.com\/es\/restauracion\/se-presenta-el-primer-estudio-sobre-la-restauracion-colectiva-en-cataluna-con-la-colaboracion-de-serhs-food\/#breadcrumb\"},\"inLanguage\":\"es\",\"potentialAction\":[{\"@type\":\"ReadAction\",\"target\":[\"https:\/\/serhsfood.com\/es\/restauracion\/se-presenta-el-primer-estudio-sobre-la-restauracion-colectiva-en-cataluna-con-la-colaboracion-de-serhs-food\/\"]}]},{\"@type\":\"ImageObject\",\"inLanguage\":\"es\",\"@id\":\"https:\/\/serhsfood.com\/es\/restauracion\/se-presenta-el-primer-estudio-sobre-la-restauracion-colectiva-en-cataluna-con-la-colaboracion-de-serhs-food\/#primaryimage\",\"url\":\"https:\/\/serhsfood.com\/wp-content\/uploads\/2-6.jpg\",\"contentUrl\":\"https:\/\/serhsfood.com\/wp-content\/uploads\/2-6.jpg\",\"width\":400,\"height\":226,\"caption\":\"ES PRESENTA EL PRIMER ESTUDI SOBRE LA RESTAURACI\u00d3 COL\u00b7LECTIVA A CATALUNYA AMB LA COL\u00b7LABORACI\u00d3 DE SERHS Food\"},{\"@type\":\"BreadcrumbList\",\"@id\":\"https:\/\/serhsfood.com\/es\/restauracion\/se-presenta-el-primer-estudio-sobre-la-restauracion-colectiva-en-cataluna-con-la-colaboracion-de-serhs-food\/#breadcrumb\",\"itemListElement\":[{\"@type\":\"ListItem\",\"position\":1,\"name\":\"Inici\",\"item\":\"https:\/\/serhsfood.com\/\"},{\"@type\":\"ListItem\",\"position\":2,\"name\":\"SE PRESENTA EL PRIMER ESTUDIO SOBRE LA RESTAURACI\u00d3N COLECTIVA EN CATALU\u00d1A CON LA COLABORACI\u00d3N DE SERHS FOOD\"}]},{\"@type\":\"WebSite\",\"@id\":\"https:\/\/serhsfood.com\/#website\",\"url\":\"https:\/\/serhsfood.com\/\",\"name\":\"Serhs Food\",\"description\":\"Alimentaci\u00f3\",\"potentialAction\":[{\"@type\":\"SearchAction\",\"target\":{\"@type\":\"EntryPoint\",\"urlTemplate\":\"https:\/\/serhsfood.com\/?s={search_term_string}\"},\"query-input\":{\"@type\":\"PropertyValueSpecification\",\"valueRequired\":true,\"valueName\":\"search_term_string\"}}],\"inLanguage\":\"es\"},{\"@type\":\"Person\",\"@id\":\"https:\/\/serhsfood.com\/#\/schema\/person\/63f37d69d347ce8cf274ed8f4606cf51\",\"name\":\"sdistribucio\",\"url\":\"https:\/\/serhsfood.com\/es\/author\/sdistribucio\/\"}]}<\/script>\n<!-- \/ Yoast SEO plugin. -->","yoast_head_json":{"title":"Primer estudio sobre la restauraci\u00f3n colectiva en Catalu\u00f1a","description":"SERHS Food participa en la feria Alimentaria & Hostelco colaborando en el primer estudio sobre la restauraci\u00f3n colectiva en Catalu\u00f1a","robots":{"index":"index","follow":"follow","max-snippet":"max-snippet:-1","max-image-preview":"max-image-preview:large","max-video-preview":"max-video-preview:-1"},"canonical":"https:\/\/serhsfood.com\/es\/restauracion\/se-presenta-el-primer-estudio-sobre-la-restauracion-colectiva-en-cataluna-con-la-colaboracion-de-serhs-food\/","og_locale":"es_ES","og_type":"article","og_title":"Primer estudio sobre la restauraci\u00f3n colectiva en Catalu\u00f1a","og_description":"SERHS Food participa en la feria Alimentaria & Hostelco colaborando en el primer estudio sobre la restauraci\u00f3n colectiva en Catalu\u00f1a","og_url":"https:\/\/serhsfood.com\/es\/restauracion\/se-presenta-el-primer-estudio-sobre-la-restauracion-colectiva-en-cataluna-con-la-colaboracion-de-serhs-food\/","og_site_name":"Serhs Food","article_published_time":"2024-03-26T10:44:54+00:00","article_modified_time":"2024-03-26T11:27:07+00:00","og_image":[{"width":400,"height":226,"url":"https:\/\/serhsfood.com\/wp-content\/uploads\/2-6.jpg","type":"image\/jpeg"}],"author":"sdistribucio","twitter_card":"summary_large_image","twitter_misc":{"Escrito por":"sdistribucio","Tiempo de lectura":"2 minutos"},"schema":{"@context":"https:\/\/schema.org","@graph":[{"@type":"WebPage","@id":"https:\/\/serhsfood.com\/es\/restauracion\/se-presenta-el-primer-estudio-sobre-la-restauracion-colectiva-en-cataluna-con-la-colaboracion-de-serhs-food\/","url":"https:\/\/serhsfood.com\/es\/restauracion\/se-presenta-el-primer-estudio-sobre-la-restauracion-colectiva-en-cataluna-con-la-colaboracion-de-serhs-food\/","name":"Primer estudio sobre la restauraci\u00f3n colectiva en Catalu\u00f1a","isPartOf":{"@id":"https:\/\/serhsfood.com\/#website"},"primaryImageOfPage":{"@id":"https:\/\/serhsfood.com\/es\/restauracion\/se-presenta-el-primer-estudio-sobre-la-restauracion-colectiva-en-cataluna-con-la-colaboracion-de-serhs-food\/#primaryimage"},"image":{"@id":"https:\/\/serhsfood.com\/es\/restauracion\/se-presenta-el-primer-estudio-sobre-la-restauracion-colectiva-en-cataluna-con-la-colaboracion-de-serhs-food\/#primaryimage"},"thumbnailUrl":"https:\/\/serhsfood.com\/wp-content\/uploads\/2-6.jpg","datePublished":"2024-03-26T10:44:54+00:00","dateModified":"2024-03-26T11:27:07+00:00","author":{"@id":"https:\/\/serhsfood.com\/#\/schema\/person\/63f37d69d347ce8cf274ed8f4606cf51"},"description":"SERHS Food participa en la feria Alimentaria & Hostelco colaborando en el primer estudio sobre la restauraci\u00f3n colectiva en Catalu\u00f1a","breadcrumb":{"@id":"https:\/\/serhsfood.com\/es\/restauracion\/se-presenta-el-primer-estudio-sobre-la-restauracion-colectiva-en-cataluna-con-la-colaboracion-de-serhs-food\/#breadcrumb"},"inLanguage":"es","potentialAction":[{"@type":"ReadAction","target":["https:\/\/serhsfood.com\/es\/restauracion\/se-presenta-el-primer-estudio-sobre-la-restauracion-colectiva-en-cataluna-con-la-colaboracion-de-serhs-food\/"]}]},{"@type":"ImageObject","inLanguage":"es","@id":"https:\/\/serhsfood.com\/es\/restauracion\/se-presenta-el-primer-estudio-sobre-la-restauracion-colectiva-en-cataluna-con-la-colaboracion-de-serhs-food\/#primaryimage","url":"https:\/\/serhsfood.com\/wp-content\/uploads\/2-6.jpg","contentUrl":"https:\/\/serhsfood.com\/wp-content\/uploads\/2-6.jpg","width":400,"height":226,"caption":"ES PRESENTA EL PRIMER ESTUDI SOBRE LA RESTAURACI\u00d3 COL\u00b7LECTIVA A CATALUNYA AMB LA COL\u00b7LABORACI\u00d3 DE SERHS Food"},{"@type":"BreadcrumbList","@id":"https:\/\/serhsfood.com\/es\/restauracion\/se-presenta-el-primer-estudio-sobre-la-restauracion-colectiva-en-cataluna-con-la-colaboracion-de-serhs-food\/#breadcrumb","itemListElement":[{"@type":"ListItem","position":1,"name":"Inici","item":"https:\/\/serhsfood.com\/"},{"@type":"ListItem","position":2,"name":"SE PRESENTA EL PRIMER ESTUDIO SOBRE LA RESTAURACI\u00d3N COLECTIVA EN CATALU\u00d1A CON LA COLABORACI\u00d3N DE SERHS FOOD"}]},{"@type":"WebSite","@id":"https:\/\/serhsfood.com\/#website","url":"https:\/\/serhsfood.com\/","name":"Serhs Food","description":"Alimentaci\u00f3","potentialAction":[{"@type":"SearchAction","target":{"@type":"EntryPoint","urlTemplate":"https:\/\/serhsfood.com\/?s={search_term_string}"},"query-input":{"@type":"PropertyValueSpecification","valueRequired":true,"valueName":"search_term_string"}}],"inLanguage":"es"},{"@type":"Person","@id":"https:\/\/serhsfood.com\/#\/schema\/person\/63f37d69d347ce8cf274ed8f4606cf51","name":"sdistribucio","url":"https:\/\/serhsfood.com\/es\/author\/sdistribucio\/"}]}},"_links":{"self":[{"href":"https:\/\/serhsfood.com\/es\/wp-json\/wp\/v2\/posts\/13630","targetHints":{"allow":["GET"]}}],"collection":[{"href":"https:\/\/serhsfood.com\/es\/wp-json\/wp\/v2\/posts"}],"about":[{"href":"https:\/\/serhsfood.com\/es\/wp-json\/wp\/v2\/types\/post"}],"author":[{"embeddable":true,"href":"https:\/\/serhsfood.com\/es\/wp-json\/wp\/v2\/users\/8"}],"replies":[{"embeddable":true,"href":"https:\/\/serhsfood.com\/es\/wp-json\/wp\/v2\/comments?post=13630"}],"version-history":[{"count":1,"href":"https:\/\/serhsfood.com\/es\/wp-json\/wp\/v2\/posts\/13630\/revisions"}],"predecessor-version":[{"id":13635,"href":"https:\/\/serhsfood.com\/es\/wp-json\/wp\/v2\/posts\/13630\/revisions\/13635"}],"wp:featuredmedia":[{"embeddable":true,"href":"https:\/\/serhsfood.com\/es\/wp-json\/wp\/v2\/media\/13626"}],"wp:attachment":[{"href":"https:\/\/serhsfood.com\/es\/wp-json\/wp\/v2\/media?parent=13630"}],"wp:term":[{"taxonomy":"category","embeddable":true,"href":"https:\/\/serhsfood.com\/es\/wp-json\/wp\/v2\/categories?post=13630"},{"taxonomy":"post_tag","embeddable":true,"href":"https:\/\/serhsfood.com\/es\/wp-json\/wp\/v2\/tags?post=13630"}],"curies":[{"name":"wp","href":"https:\/\/api.w.org\/{rel}","templated":true}]}}