{"id":13540,"date":"2024-03-01T12:17:08","date_gmt":"2024-03-01T11:17:08","guid":{"rendered":"https:\/\/serhsfood.com\/?p=13540"},"modified":"2024-03-01T12:45:25","modified_gmt":"2024-03-01T11:45:25","slug":"la-paeria-distingue-serhs-food-por-su-accion-social-con-la-asociacion-de-caridad-sant-vicenc-de-paul","status":"publish","type":"post","link":"https:\/\/serhsfood.com\/es\/home\/la-paeria-distingue-serhs-food-por-su-accion-social-con-la-asociacion-de-caridad-sant-vicenc-de-paul\/","title":{"rendered":"LA PAERIA DISTINGUE SERHS FOOD POR SU ACCI\u00d3N SOCIAL CON LA ASOCIACI\u00d3N DE CARIDAD SANT VICEN\u00c7 DE PAUL"},"content":{"rendered":"<p>La <strong>Paeria<\/strong> distingui\u00f3 a 24 empresas y agentes sociales que durante el 2023 han contribuido a mejorar y modificar de forma significativa situaciones de exclusi\u00f3n social. Lo hicieron en el marco del <a href=\"https:\/\/www.paeria.cat\/es\/actualidad\/noticias\/24-empresas-y-agentes-sociales-de-lleida-reciben-el-reconocimiento-a-la-accion-social-y-solidaria?set_language=es\"><strong>Reconocimiento a la Acci\u00f3n Social y Solidaria<\/strong><\/a>, cuya ceremonia de entrega se celebr\u00f3 en el Auditori Enric Granados coincidiendo con el D\u00eda de la Justicia Social. Concretamente, el consistorio premi\u00f3 a <a href=\"https:\/\/serhsfood.com\/es\/\"><strong>SERHS Food<\/strong><\/a> a propuesta de la <strong>Asociaci\u00f3n de caridad San Vicente de Paul (Arrels).<\/strong> La empresa estuvo representada por Jordi Cabrespina (Director de negocio y financiero), Jorge Fern\u00e1ndez (gerente de zona) y Eudald Puig (Director marketing y comunicaci\u00f3n). Y por la parte de la asociaci\u00f3n estuvo presente Susi Costafreda y junto a responsables de la entidad.<\/p>\n<p>Desde finales del a\u00f1o 2022 la empresa tiene relaci\u00f3n con la Asociaci\u00f3n de Caridad San Vicente de Paul con quien <strong>colabora en la gesti\u00f3n del aprovechamiento de alimentos para <a href=\"https:\/\/serhsfood.com\/es\/serhs-food-colabora-en-la-guia-para-la-prevencion-y-reduccion-del-desperdicio-alimentario-de-la-generalitat\/\">reducir el desperdicio <\/a><\/strong>y hacer<strong> accesibles a la ciudadan\u00eda los alimentos que se encuentren en perfectas condiciones <\/strong>desde el punto de vista de la <strong>seguridad alimenticia.<\/strong> Con estas premisas se ha trabajado de forma coordinada entre los hospitales Arnau de Vilanova y Santa Maria, <strong>la Asociaci\u00f3n de Caridad Sant Vicen\u00e7 de Pa\u00fcl y SERHS Food para promover un convenio de colaboraci\u00f3n que recoja esta iniciativa para dar excedentes alimentarios a personas de L\u00e9rida en situaci\u00f3n de vulnerabilidad social.<\/strong> Esta iniciativa ha tenido una muy buena acogida y su funcionamiento es satisfactorio. Se integra perfectamente en la vertiente humana, idea de integraci\u00f3n social y sostenibilidad como pilares fundamentales de SERHS Food.<\/p>\n<p>Por su parte, el alcalde de Lleida, F\u00e8lix Larrosa, presidi\u00f3 la entrega de premios y reflexion\u00f3 ante el auditorio sobre la pregunta <strong>\u00ab\u00bfqu\u00e9 har\u00edamos sin vosotros?\u00bb<\/strong> En estos t\u00e9rminos, Larrosa se refiri\u00f3 \u00aba las empresas comprometidas ya las entidades del tercer sector porque tienen y aportan valor y musculatura clara y contundente a la sociedad leridana\u00bb. Tambi\u00e9n, el teniente de alcalde de Acci\u00f3n e Innovaci\u00f3n Social, Carlos Enjuanes, record\u00f3 que \u201chace m\u00e1s de un a\u00f1o, yo representaba una de las entidades que hac\u00eda este acto de gratitud genuina hacia las empresas que representan un est\u00edmulo y un ejemplo para el sector\u201d. <strong>Los reconocimientos a la Acci\u00f3n Social y Solidaria en Lleida, que cumplen once a\u00f1os, han permitido distinguir a un total de 245 empresas y agentes sociales.<\/strong><\/p>\n<p><img loading=\"lazy\" decoding=\"async\" class=\"alignnone size-medium wp-image-13538\" src=\"https:\/\/serhsfood.com\/wp-content\/uploads\/2-5-300x170.jpg\" alt=\"\" width=\"300\" height=\"170\" srcset=\"https:\/\/serhsfood.com\/wp-content\/uploads\/2-5-300x170.jpg 300w, https:\/\/serhsfood.com\/wp-content\/uploads\/2-5-280x158.jpg 280w, https:\/\/serhsfood.com\/wp-content\/uploads\/2-5.jpg 400w\" sizes=\"auto, (max-width: 300px) 100vw, 300px\" \/><\/p>\n","protected":false},"excerpt":{"rendered":"<p>El Ayuntamiento de Lleida premi\u00f3 a SERHS Food ayer por su destacada Acci\u00f3n Social, reconociendo su colaboraci\u00f3n con la Asociaci\u00f3n de Caridad San Vicente de Paul en la gesti\u00f3n responsable de alimentos para combatir la exclusi\u00f3n social.<\/p>\n","protected":false},"author":6,"featured_media":13534,"comment_status":"closed","ping_status":"closed","sticky":false,"template":"","format":"standard","meta":{"footnotes":""},"categories":[41,205],"tags":[],"class_list":["post-13540","post","type-post","status-publish","format-standard","has-post-thumbnail","hentry","category-eventos","category-home"],"yoast_head":"<!-- This site is optimized with the Yoast SEO plugin v25.6 - https:\/\/yoast.com\/wordpress\/plugins\/seo\/ -->\n<title>Acci\u00f3n social contra el derroche alimentario<\/title>\n<meta name=\"description\" content=\"Descubre c\u00f3mo la acci\u00f3n social ejemplar de SERHS Food destaca el compromiso de las empresas contra el desperdicio alimentario.\" \/>\n<meta name=\"robots\" content=\"index, follow, max-snippet:-1, max-image-preview:large, max-video-preview:-1\" \/>\n<link rel=\"canonical\" href=\"https:\/\/serhsfood.com\/es\/home\/la-paeria-distingue-serhs-food-por-su-accion-social-con-la-asociacion-de-caridad-sant-vicenc-de-paul\/\" \/>\n<meta property=\"og:locale\" content=\"es_ES\" \/>\n<meta property=\"og:type\" content=\"article\" \/>\n<meta property=\"og:title\" content=\"Acci\u00f3n social contra el derroche alimentario\" \/>\n<meta property=\"og:description\" content=\"Descubre c\u00f3mo la acci\u00f3n social ejemplar de SERHS Food destaca el compromiso de las empresas contra el desperdicio alimentario.\" \/>\n<meta property=\"og:url\" content=\"https:\/\/serhsfood.com\/es\/home\/la-paeria-distingue-serhs-food-por-su-accion-social-con-la-asociacion-de-caridad-sant-vicenc-de-paul\/\" \/>\n<meta property=\"og:site_name\" content=\"Serhs Food\" \/>\n<meta property=\"article:published_time\" content=\"2024-03-01T11:17:08+00:00\" \/>\n<meta property=\"article:modified_time\" content=\"2024-03-01T11:45:25+00:00\" \/>\n<meta property=\"og:image\" content=\"https:\/\/serhsfood.com\/wp-content\/uploads\/1-6.jpg\" \/>\n\t<meta property=\"og:image:width\" content=\"400\" \/>\n\t<meta property=\"og:image:height\" content=\"226\" \/>\n\t<meta property=\"og:image:type\" content=\"image\/jpeg\" \/>\n<meta name=\"author\" content=\"quality\" \/>\n<meta name=\"twitter:card\" content=\"summary_large_image\" \/>\n<meta name=\"twitter:label1\" content=\"Escrito por\" \/>\n\t<meta name=\"twitter:data1\" content=\"quality\" \/>\n\t<meta name=\"twitter:label2\" content=\"Tiempo de lectura\" \/>\n\t<meta name=\"twitter:data2\" content=\"3 minutos\" \/>\n<script type=\"application\/ld+json\" class=\"yoast-schema-graph\">{\"@context\":\"https:\/\/schema.org\",\"@graph\":[{\"@type\":\"WebPage\",\"@id\":\"https:\/\/serhsfood.com\/es\/home\/la-paeria-distingue-serhs-food-por-su-accion-social-con-la-asociacion-de-caridad-sant-vicenc-de-paul\/\",\"url\":\"https:\/\/serhsfood.com\/es\/home\/la-paeria-distingue-serhs-food-por-su-accion-social-con-la-asociacion-de-caridad-sant-vicenc-de-paul\/\",\"name\":\"Acci\u00f3n social contra el derroche alimentario\",\"isPartOf\":{\"@id\":\"https:\/\/serhsfood.com\/#website\"},\"primaryImageOfPage\":{\"@id\":\"https:\/\/serhsfood.com\/es\/home\/la-paeria-distingue-serhs-food-por-su-accion-social-con-la-asociacion-de-caridad-sant-vicenc-de-paul\/#primaryimage\"},\"image\":{\"@id\":\"https:\/\/serhsfood.com\/es\/home\/la-paeria-distingue-serhs-food-por-su-accion-social-con-la-asociacion-de-caridad-sant-vicenc-de-paul\/#primaryimage\"},\"thumbnailUrl\":\"https:\/\/serhsfood.com\/wp-content\/uploads\/1-6.jpg\",\"datePublished\":\"2024-03-01T11:17:08+00:00\",\"dateModified\":\"2024-03-01T11:45:25+00:00\",\"author\":{\"@id\":\"https:\/\/serhsfood.com\/#\/schema\/person\/2bd0c86954df9ccd343970ceae4df4e1\"},\"description\":\"Descubre c\u00f3mo la acci\u00f3n social ejemplar de SERHS Food destaca el compromiso de las empresas contra el desperdicio alimentario.\",\"breadcrumb\":{\"@id\":\"https:\/\/serhsfood.com\/es\/home\/la-paeria-distingue-serhs-food-por-su-accion-social-con-la-asociacion-de-caridad-sant-vicenc-de-paul\/#breadcrumb\"},\"inLanguage\":\"es\",\"potentialAction\":[{\"@type\":\"ReadAction\",\"target\":[\"https:\/\/serhsfood.com\/es\/home\/la-paeria-distingue-serhs-food-por-su-accion-social-con-la-asociacion-de-caridad-sant-vicenc-de-paul\/\"]}]},{\"@type\":\"ImageObject\",\"inLanguage\":\"es\",\"@id\":\"https:\/\/serhsfood.com\/es\/home\/la-paeria-distingue-serhs-food-por-su-accion-social-con-la-asociacion-de-caridad-sant-vicenc-de-paul\/#primaryimage\",\"url\":\"https:\/\/serhsfood.com\/wp-content\/uploads\/1-6.jpg\",\"contentUrl\":\"https:\/\/serhsfood.com\/wp-content\/uploads\/1-6.jpg\",\"width\":400,\"height\":226,\"caption\":\"ES PRESENTA EL PRIMER ESTUDI SOBRE LA RESTAURACI\u00d3 COL\u00b7LECTIVA A CATALUNYA AMB LA COL\u00b7LABORACI\u00d3 DE SERHS Food\"},{\"@type\":\"BreadcrumbList\",\"@id\":\"https:\/\/serhsfood.com\/es\/home\/la-paeria-distingue-serhs-food-por-su-accion-social-con-la-asociacion-de-caridad-sant-vicenc-de-paul\/#breadcrumb\",\"itemListElement\":[{\"@type\":\"ListItem\",\"position\":1,\"name\":\"Inici\",\"item\":\"https:\/\/serhsfood.com\/\"},{\"@type\":\"ListItem\",\"position\":2,\"name\":\"LA PAERIA DISTINGUE SERHS FOOD POR SU ACCI\u00d3N SOCIAL CON LA ASOCIACI\u00d3N DE CARIDAD SANT VICEN\u00c7 DE PAUL\"}]},{\"@type\":\"WebSite\",\"@id\":\"https:\/\/serhsfood.com\/#website\",\"url\":\"https:\/\/serhsfood.com\/\",\"name\":\"Serhs Food\",\"description\":\"Alimentaci\u00f3\",\"potentialAction\":[{\"@type\":\"SearchAction\",\"target\":{\"@type\":\"EntryPoint\",\"urlTemplate\":\"https:\/\/serhsfood.com\/?s={search_term_string}\"},\"query-input\":{\"@type\":\"PropertyValueSpecification\",\"valueRequired\":true,\"valueName\":\"search_term_string\"}}],\"inLanguage\":\"es\"},{\"@type\":\"Person\",\"@id\":\"https:\/\/serhsfood.com\/#\/schema\/person\/2bd0c86954df9ccd343970ceae4df4e1\",\"name\":\"quality\",\"url\":\"https:\/\/serhsfood.com\/es\/author\/quality\/\"}]}<\/script>\n<!-- \/ Yoast SEO plugin. -->","yoast_head_json":{"title":"Acci\u00f3n social contra el derroche alimentario","description":"Descubre c\u00f3mo la acci\u00f3n social ejemplar de SERHS Food destaca el compromiso de las empresas contra el desperdicio alimentario.","robots":{"index":"index","follow":"follow","max-snippet":"max-snippet:-1","max-image-preview":"max-image-preview:large","max-video-preview":"max-video-preview:-1"},"canonical":"https:\/\/serhsfood.com\/es\/home\/la-paeria-distingue-serhs-food-por-su-accion-social-con-la-asociacion-de-caridad-sant-vicenc-de-paul\/","og_locale":"es_ES","og_type":"article","og_title":"Acci\u00f3n social contra el derroche alimentario","og_description":"Descubre c\u00f3mo la acci\u00f3n social ejemplar de SERHS Food destaca el compromiso de las empresas contra el desperdicio alimentario.","og_url":"https:\/\/serhsfood.com\/es\/home\/la-paeria-distingue-serhs-food-por-su-accion-social-con-la-asociacion-de-caridad-sant-vicenc-de-paul\/","og_site_name":"Serhs Food","article_published_time":"2024-03-01T11:17:08+00:00","article_modified_time":"2024-03-01T11:45:25+00:00","og_image":[{"width":400,"height":226,"url":"https:\/\/serhsfood.com\/wp-content\/uploads\/1-6.jpg","type":"image\/jpeg"}],"author":"quality","twitter_card":"summary_large_image","twitter_misc":{"Escrito por":"quality","Tiempo de lectura":"3 minutos"},"schema":{"@context":"https:\/\/schema.org","@graph":[{"@type":"WebPage","@id":"https:\/\/serhsfood.com\/es\/home\/la-paeria-distingue-serhs-food-por-su-accion-social-con-la-asociacion-de-caridad-sant-vicenc-de-paul\/","url":"https:\/\/serhsfood.com\/es\/home\/la-paeria-distingue-serhs-food-por-su-accion-social-con-la-asociacion-de-caridad-sant-vicenc-de-paul\/","name":"Acci\u00f3n social contra el derroche alimentario","isPartOf":{"@id":"https:\/\/serhsfood.com\/#website"},"primaryImageOfPage":{"@id":"https:\/\/serhsfood.com\/es\/home\/la-paeria-distingue-serhs-food-por-su-accion-social-con-la-asociacion-de-caridad-sant-vicenc-de-paul\/#primaryimage"},"image":{"@id":"https:\/\/serhsfood.com\/es\/home\/la-paeria-distingue-serhs-food-por-su-accion-social-con-la-asociacion-de-caridad-sant-vicenc-de-paul\/#primaryimage"},"thumbnailUrl":"https:\/\/serhsfood.com\/wp-content\/uploads\/1-6.jpg","datePublished":"2024-03-01T11:17:08+00:00","dateModified":"2024-03-01T11:45:25+00:00","author":{"@id":"https:\/\/serhsfood.com\/#\/schema\/person\/2bd0c86954df9ccd343970ceae4df4e1"},"description":"Descubre c\u00f3mo la acci\u00f3n social ejemplar de SERHS Food destaca el compromiso de las empresas contra el desperdicio alimentario.","breadcrumb":{"@id":"https:\/\/serhsfood.com\/es\/home\/la-paeria-distingue-serhs-food-por-su-accion-social-con-la-asociacion-de-caridad-sant-vicenc-de-paul\/#breadcrumb"},"inLanguage":"es","potentialAction":[{"@type":"ReadAction","target":["https:\/\/serhsfood.com\/es\/home\/la-paeria-distingue-serhs-food-por-su-accion-social-con-la-asociacion-de-caridad-sant-vicenc-de-paul\/"]}]},{"@type":"ImageObject","inLanguage":"es","@id":"https:\/\/serhsfood.com\/es\/home\/la-paeria-distingue-serhs-food-por-su-accion-social-con-la-asociacion-de-caridad-sant-vicenc-de-paul\/#primaryimage","url":"https:\/\/serhsfood.com\/wp-content\/uploads\/1-6.jpg","contentUrl":"https:\/\/serhsfood.com\/wp-content\/uploads\/1-6.jpg","width":400,"height":226,"caption":"ES PRESENTA EL PRIMER ESTUDI SOBRE LA RESTAURACI\u00d3 COL\u00b7LECTIVA A CATALUNYA AMB LA COL\u00b7LABORACI\u00d3 DE SERHS Food"},{"@type":"BreadcrumbList","@id":"https:\/\/serhsfood.com\/es\/home\/la-paeria-distingue-serhs-food-por-su-accion-social-con-la-asociacion-de-caridad-sant-vicenc-de-paul\/#breadcrumb","itemListElement":[{"@type":"ListItem","position":1,"name":"Inici","item":"https:\/\/serhsfood.com\/"},{"@type":"ListItem","position":2,"name":"LA PAERIA DISTINGUE SERHS FOOD POR SU ACCI\u00d3N SOCIAL CON LA ASOCIACI\u00d3N DE CARIDAD SANT VICEN\u00c7 DE PAUL"}]},{"@type":"WebSite","@id":"https:\/\/serhsfood.com\/#website","url":"https:\/\/serhsfood.com\/","name":"Serhs Food","description":"Alimentaci\u00f3","potentialAction":[{"@type":"SearchAction","target":{"@type":"EntryPoint","urlTemplate":"https:\/\/serhsfood.com\/?s={search_term_string}"},"query-input":{"@type":"PropertyValueSpecification","valueRequired":true,"valueName":"search_term_string"}}],"inLanguage":"es"},{"@type":"Person","@id":"https:\/\/serhsfood.com\/#\/schema\/person\/2bd0c86954df9ccd343970ceae4df4e1","name":"quality","url":"https:\/\/serhsfood.com\/es\/author\/quality\/"}]}},"_links":{"self":[{"href":"https:\/\/serhsfood.com\/es\/wp-json\/wp\/v2\/posts\/13540","targetHints":{"allow":["GET"]}}],"collection":[{"href":"https:\/\/serhsfood.com\/es\/wp-json\/wp\/v2\/posts"}],"about":[{"href":"https:\/\/serhsfood.com\/es\/wp-json\/wp\/v2\/types\/post"}],"author":[{"embeddable":true,"href":"https:\/\/serhsfood.com\/es\/wp-json\/wp\/v2\/users\/6"}],"replies":[{"embeddable":true,"href":"https:\/\/serhsfood.com\/es\/wp-json\/wp\/v2\/comments?post=13540"}],"version-history":[{"count":5,"href":"https:\/\/serhsfood.com\/es\/wp-json\/wp\/v2\/posts\/13540\/revisions"}],"predecessor-version":[{"id":13551,"href":"https:\/\/serhsfood.com\/es\/wp-json\/wp\/v2\/posts\/13540\/revisions\/13551"}],"wp:featuredmedia":[{"embeddable":true,"href":"https:\/\/serhsfood.com\/es\/wp-json\/wp\/v2\/media\/13534"}],"wp:attachment":[{"href":"https:\/\/serhsfood.com\/es\/wp-json\/wp\/v2\/media?parent=13540"}],"wp:term":[{"taxonomy":"category","embeddable":true,"href":"https:\/\/serhsfood.com\/es\/wp-json\/wp\/v2\/categories?post=13540"},{"taxonomy":"post_tag","embeddable":true,"href":"https:\/\/serhsfood.com\/es\/wp-json\/wp\/v2\/tags?post=13540"}],"curies":[{"name":"wp","href":"https:\/\/api.w.org\/{rel}","templated":true}]}}