{"id":6719,"date":"2018-06-19T13:19:23","date_gmt":"2018-06-19T11:19:23","guid":{"rendered":"https:\/\/serhsfood.com\/?p=6719"},"modified":"2018-06-19T13:47:04","modified_gmt":"2018-06-19T11:47:04","slug":"raimon-bago-general-director-of-serhs-food-chosen-as-the-new-cluster-foodservices-president","status":"publish","type":"post","link":"https:\/\/serhsfood.com\/en\/events-en\/raimon-bago-general-director-of-serhs-food-chosen-as-the-new-cluster-foodservices-president\/","title":{"rendered":"Raimon Bag\u00f3, general director of SERHS Food, chosen as the new Cluster Foodservice\u2019s president"},"content":{"rendered":"<p>On June 14th, Castelldefels Castle hosted the 1st Conference of the <strong><a href=\"http:\/\/www.clusterfoodservice.org\/en\/\">Foodservice Cluster<\/a><\/strong> of Catalonia dedicated to innovation under the heading &#8220;Innovation Day&#8221; with the aim of putting the focus on the latest trends and uses of ICT in the feeding sector. Raimon Bag\u00f3, general director of SERHS Food, has participated in this meeting to explain that <strong>&#8220;technology has helped us to adapt to the individual needs of users&#8221;<\/strong> in the field of collective catering.<\/p>\n<p>For SERHS Food general director, <strong>&#8220;when it comes to making a meal, we have to put the person and their uniqueness at the centre of our activity. This is what a kitchen like the High Performance one of Matar\u00f3 allows us to produce today&#8221;<\/strong>. The <a href=\"https:\/\/serhsfood.com\/en\/nova-cuina-dalt-rendiment-car\/\">High-Performance Kitchen<\/a> that SERHS Food launched in the capital of Maresme was precisely thought and designed to offer a kitchen tailored to the individual needs of the users of collective catering. For this reason, its facilities allow the elaboration of specific recipes, for example, crushed, textured and allergen-free meals, among others.<\/p>\n<p>SERHS Food bets for its collective catering service to become a reference in the preparation of recipes aimed, essentially, to individual satisfaction, while responding to nutritional criteria within a varied and rich food proposal. In addition, as Raimon Bag\u00f3 explains, <strong>&#8220;this is what makes us different from the rest, thinking about the uniqueness, the diversity of each of our users. And all this, with the maximum guarantees of food safety, product quality and efficient and professional management&#8221;<\/strong>.<\/p>\n<p>&nbsp;<\/p>\n<h3><span data-sheets-value=\"{&quot;1&quot;:2,&quot;2&quot;:&quot;Raimon Bag\u00f3, nuevo presidente del Cl\u00faster Foodservice de Catalu\u00f1a&quot;}\" data-sheets-userformat=\"{&quot;2&quot;:17155,&quot;3&quot;:{&quot;1&quot;:0},&quot;4&quot;:{&quot;1&quot;:2,&quot;2&quot;:16777215},&quot;11&quot;:4,&quot;12&quot;:0,&quot;17&quot;:1}\"><img loading=\"lazy\" decoding=\"async\" class=\"size-medium wp-image-6717 alignleft\" src=\"https:\/\/serhsfood.com\/wp-content\/uploads\/image1-300x168.jpeg\" alt=\"cluster foodservice\" width=\"300\" height=\"168\" srcset=\"https:\/\/serhsfood.com\/wp-content\/uploads\/image1-300x168.jpeg 300w, https:\/\/serhsfood.com\/wp-content\/uploads\/image1-768x431.jpeg 768w, https:\/\/serhsfood.com\/wp-content\/uploads\/image1.jpeg 1024w, https:\/\/serhsfood.com\/wp-content\/uploads\/image1-280x157.jpeg 280w\" sizes=\"auto, (max-width: 300px) 100vw, 300px\" \/><\/span><\/h3>\n<h3><strong>Raimon Bag\u00f3, Foodservice Cluster of Catalonia new president<\/strong><\/h3>\n<p>The day also served so that Raimon Bag\u00f3, until now vice-president of the entity, left chosen like new president. In his speech he thanked the trust placed and strongly highlighted the work done by the president so far, <strong>Jaume von Aren<\/strong>, who valued the commitment and dedication of the first years.<\/p>\n<p>The new president of the entity highlighted the new challenges that Cluster Foodservice has today and the obligation not to lower the standards. <strong>&#8220;Work and collaborate with the 53 companies that are part of this organisation, to continue drawing, defining and strengthening the strategic lines of Cluster Foodservice in the coming years&#8221;<\/strong>.<\/p>\n<p>Since its establishment, in January 2014, Cluster Foodservice has contributed to forge the relationship with all the companies that are part of it. Companies of diverse scope such as production, logistics, collective catering, new technologies or research and knowledge. This diversity is the great strength of this transversal and dynamic sector, which at the same time involves a strong complexity of coordination and management.<\/p>\n","protected":false},"excerpt":{"rendered":"<p>On June 14th, Castelldefels Castle hosted the 1st Conference of the Foodservice Cluster of Catalonia dedicated to innovation under the heading &#8220;Innovation Day&#8221; with the aim of putting the focus on the latest trends and uses of ICT in the feeding sector. Raimon Bag\u00f3, general director of SERHS Food, has participated in this meeting to<\/p>\n","protected":false},"author":6,"featured_media":6716,"comment_status":"closed","ping_status":"closed","sticky":false,"template":"","format":"standard","meta":{"footnotes":""},"categories":[161,48,146],"tags":[],"class_list":["post-6719","post","type-post","status-publish","format-standard","has-post-thumbnail","hentry","category-company","category-events-en","category-news"],"yoast_head":"<!-- This site is optimized with the Yoast SEO plugin v25.6 - https:\/\/yoast.com\/wordpress\/plugins\/seo\/ -->\n<title>Raim\u00f3n Bag\u00f3, new Cluster Foodservice\u2019s president<\/title>\n<meta name=\"description\" content=\"On June 14th, Castelldefels Castle hosted the 1st Conference of the Foodservice Cluster of Catalonia dedicated to innovation under the heading &quot;Innovation Day&quot; with the aim of putting the focus on the latest trends and uses of ICT in the feeding sector.\" \/>\n<meta name=\"robots\" content=\"index, follow, max-snippet:-1, max-image-preview:large, max-video-preview:-1\" \/>\n<link rel=\"canonical\" href=\"https:\/\/serhsfood.com\/en\/events-en\/raimon-bago-general-director-of-serhs-food-chosen-as-the-new-cluster-foodservices-president\/\" \/>\n<meta property=\"og:locale\" content=\"en_US\" \/>\n<meta property=\"og:type\" content=\"article\" \/>\n<meta property=\"og:title\" content=\"Raim\u00f3n Bag\u00f3, new Cluster Foodservice\u2019s president\" \/>\n<meta property=\"og:description\" content=\"On June 14th, Castelldefels Castle hosted the 1st Conference of the Foodservice Cluster of Catalonia dedicated to innovation under the heading &quot;Innovation Day&quot; with the aim of putting the focus on the latest trends and uses of ICT in the feeding sector.\" \/>\n<meta property=\"og:url\" content=\"https:\/\/serhsfood.com\/en\/events-en\/raimon-bago-general-director-of-serhs-food-chosen-as-the-new-cluster-foodservices-president\/\" \/>\n<meta property=\"og:site_name\" content=\"Serhs Food\" \/>\n<meta property=\"article:published_time\" content=\"2018-06-19T11:19:23+00:00\" \/>\n<meta property=\"article:modified_time\" content=\"2018-06-19T11:47:04+00:00\" \/>\n<meta property=\"og:image\" content=\"https:\/\/serhsfood.com\/wp-content\/uploads\/image2.jpeg\" \/>\n\t<meta property=\"og:image:width\" content=\"1170\" \/>\n\t<meta property=\"og:image:height\" content=\"878\" \/>\n\t<meta property=\"og:image:type\" content=\"image\/jpeg\" \/>\n<meta name=\"author\" content=\"quality\" \/>\n<meta name=\"twitter:card\" content=\"summary_large_image\" \/>\n<meta name=\"twitter:label1\" content=\"Written by\" \/>\n\t<meta name=\"twitter:data1\" content=\"quality\" \/>\n\t<meta name=\"twitter:label2\" content=\"Est. reading time\" \/>\n\t<meta name=\"twitter:data2\" content=\"2 minutes\" \/>\n<script type=\"application\/ld+json\" class=\"yoast-schema-graph\">{\"@context\":\"https:\/\/schema.org\",\"@graph\":[{\"@type\":\"WebPage\",\"@id\":\"https:\/\/serhsfood.com\/en\/events-en\/raimon-bago-general-director-of-serhs-food-chosen-as-the-new-cluster-foodservices-president\/\",\"url\":\"https:\/\/serhsfood.com\/en\/events-en\/raimon-bago-general-director-of-serhs-food-chosen-as-the-new-cluster-foodservices-president\/\",\"name\":\"Raim\u00f3n Bag\u00f3, new Cluster Foodservice\u2019s president\",\"isPartOf\":{\"@id\":\"https:\/\/serhsfood.com\/#website\"},\"primaryImageOfPage\":{\"@id\":\"https:\/\/serhsfood.com\/en\/events-en\/raimon-bago-general-director-of-serhs-food-chosen-as-the-new-cluster-foodservices-president\/#primaryimage\"},\"image\":{\"@id\":\"https:\/\/serhsfood.com\/en\/events-en\/raimon-bago-general-director-of-serhs-food-chosen-as-the-new-cluster-foodservices-president\/#primaryimage\"},\"thumbnailUrl\":\"https:\/\/serhsfood.com\/wp-content\/uploads\/image2.jpeg\",\"datePublished\":\"2018-06-19T11:19:23+00:00\",\"dateModified\":\"2018-06-19T11:47:04+00:00\",\"author\":{\"@id\":\"https:\/\/serhsfood.com\/#\/schema\/person\/2bd0c86954df9ccd343970ceae4df4e1\"},\"description\":\"On June 14th, Castelldefels Castle hosted the 1st Conference of the Foodservice Cluster of Catalonia dedicated to innovation under the heading \\\"Innovation Day\\\" with the aim of putting the focus on the latest trends and uses of ICT in the feeding sector.\",\"breadcrumb\":{\"@id\":\"https:\/\/serhsfood.com\/en\/events-en\/raimon-bago-general-director-of-serhs-food-chosen-as-the-new-cluster-foodservices-president\/#breadcrumb\"},\"inLanguage\":\"en-US\",\"potentialAction\":[{\"@type\":\"ReadAction\",\"target\":[\"https:\/\/serhsfood.com\/en\/events-en\/raimon-bago-general-director-of-serhs-food-chosen-as-the-new-cluster-foodservices-president\/\"]}]},{\"@type\":\"ImageObject\",\"inLanguage\":\"en-US\",\"@id\":\"https:\/\/serhsfood.com\/en\/events-en\/raimon-bago-general-director-of-serhs-food-chosen-as-the-new-cluster-foodservices-president\/#primaryimage\",\"url\":\"https:\/\/serhsfood.com\/wp-content\/uploads\/image2.jpeg\",\"contentUrl\":\"https:\/\/serhsfood.com\/wp-content\/uploads\/image2.jpeg\",\"width\":1170,\"height\":878,\"caption\":\"raimon bag\u00f3\"},{\"@type\":\"BreadcrumbList\",\"@id\":\"https:\/\/serhsfood.com\/en\/events-en\/raimon-bago-general-director-of-serhs-food-chosen-as-the-new-cluster-foodservices-president\/#breadcrumb\",\"itemListElement\":[{\"@type\":\"ListItem\",\"position\":1,\"name\":\"Inici\",\"item\":\"https:\/\/serhsfood.com\/\"},{\"@type\":\"ListItem\",\"position\":2,\"name\":\"Raimon Bag\u00f3, general director of SERHS Food, chosen as the new Cluster Foodservice\u2019s president\"}]},{\"@type\":\"WebSite\",\"@id\":\"https:\/\/serhsfood.com\/#website\",\"url\":\"https:\/\/serhsfood.com\/\",\"name\":\"Serhs Food\",\"description\":\"Alimentaci\u00f3\",\"potentialAction\":[{\"@type\":\"SearchAction\",\"target\":{\"@type\":\"EntryPoint\",\"urlTemplate\":\"https:\/\/serhsfood.com\/?s={search_term_string}\"},\"query-input\":{\"@type\":\"PropertyValueSpecification\",\"valueRequired\":true,\"valueName\":\"search_term_string\"}}],\"inLanguage\":\"en-US\"},{\"@type\":\"Person\",\"@id\":\"https:\/\/serhsfood.com\/#\/schema\/person\/2bd0c86954df9ccd343970ceae4df4e1\",\"name\":\"quality\",\"url\":\"https:\/\/serhsfood.com\/en\/author\/quality\/\"}]}<\/script>\n<!-- \/ Yoast SEO plugin. -->","yoast_head_json":{"title":"Raim\u00f3n Bag\u00f3, new Cluster Foodservice\u2019s president","description":"On June 14th, Castelldefels Castle hosted the 1st Conference of the Foodservice Cluster of Catalonia dedicated to innovation under the heading \"Innovation Day\" with the aim of putting the focus on the latest trends and uses of ICT in the feeding sector.","robots":{"index":"index","follow":"follow","max-snippet":"max-snippet:-1","max-image-preview":"max-image-preview:large","max-video-preview":"max-video-preview:-1"},"canonical":"https:\/\/serhsfood.com\/en\/events-en\/raimon-bago-general-director-of-serhs-food-chosen-as-the-new-cluster-foodservices-president\/","og_locale":"en_US","og_type":"article","og_title":"Raim\u00f3n Bag\u00f3, new Cluster Foodservice\u2019s president","og_description":"On June 14th, Castelldefels Castle hosted the 1st Conference of the Foodservice Cluster of Catalonia dedicated to innovation under the heading \"Innovation Day\" with the aim of putting the focus on the latest trends and uses of ICT in the feeding sector.","og_url":"https:\/\/serhsfood.com\/en\/events-en\/raimon-bago-general-director-of-serhs-food-chosen-as-the-new-cluster-foodservices-president\/","og_site_name":"Serhs Food","article_published_time":"2018-06-19T11:19:23+00:00","article_modified_time":"2018-06-19T11:47:04+00:00","og_image":[{"width":1170,"height":878,"url":"https:\/\/serhsfood.com\/wp-content\/uploads\/image2.jpeg","type":"image\/jpeg"}],"author":"quality","twitter_card":"summary_large_image","twitter_misc":{"Written by":"quality","Est. reading time":"2 minutes"},"schema":{"@context":"https:\/\/schema.org","@graph":[{"@type":"WebPage","@id":"https:\/\/serhsfood.com\/en\/events-en\/raimon-bago-general-director-of-serhs-food-chosen-as-the-new-cluster-foodservices-president\/","url":"https:\/\/serhsfood.com\/en\/events-en\/raimon-bago-general-director-of-serhs-food-chosen-as-the-new-cluster-foodservices-president\/","name":"Raim\u00f3n Bag\u00f3, new Cluster Foodservice\u2019s president","isPartOf":{"@id":"https:\/\/serhsfood.com\/#website"},"primaryImageOfPage":{"@id":"https:\/\/serhsfood.com\/en\/events-en\/raimon-bago-general-director-of-serhs-food-chosen-as-the-new-cluster-foodservices-president\/#primaryimage"},"image":{"@id":"https:\/\/serhsfood.com\/en\/events-en\/raimon-bago-general-director-of-serhs-food-chosen-as-the-new-cluster-foodservices-president\/#primaryimage"},"thumbnailUrl":"https:\/\/serhsfood.com\/wp-content\/uploads\/image2.jpeg","datePublished":"2018-06-19T11:19:23+00:00","dateModified":"2018-06-19T11:47:04+00:00","author":{"@id":"https:\/\/serhsfood.com\/#\/schema\/person\/2bd0c86954df9ccd343970ceae4df4e1"},"description":"On June 14th, Castelldefels Castle hosted the 1st Conference of the Foodservice Cluster of Catalonia dedicated to innovation under the heading \"Innovation Day\" with the aim of putting the focus on the latest trends and uses of ICT in the feeding sector.","breadcrumb":{"@id":"https:\/\/serhsfood.com\/en\/events-en\/raimon-bago-general-director-of-serhs-food-chosen-as-the-new-cluster-foodservices-president\/#breadcrumb"},"inLanguage":"en-US","potentialAction":[{"@type":"ReadAction","target":["https:\/\/serhsfood.com\/en\/events-en\/raimon-bago-general-director-of-serhs-food-chosen-as-the-new-cluster-foodservices-president\/"]}]},{"@type":"ImageObject","inLanguage":"en-US","@id":"https:\/\/serhsfood.com\/en\/events-en\/raimon-bago-general-director-of-serhs-food-chosen-as-the-new-cluster-foodservices-president\/#primaryimage","url":"https:\/\/serhsfood.com\/wp-content\/uploads\/image2.jpeg","contentUrl":"https:\/\/serhsfood.com\/wp-content\/uploads\/image2.jpeg","width":1170,"height":878,"caption":"raimon bag\u00f3"},{"@type":"BreadcrumbList","@id":"https:\/\/serhsfood.com\/en\/events-en\/raimon-bago-general-director-of-serhs-food-chosen-as-the-new-cluster-foodservices-president\/#breadcrumb","itemListElement":[{"@type":"ListItem","position":1,"name":"Inici","item":"https:\/\/serhsfood.com\/"},{"@type":"ListItem","position":2,"name":"Raimon Bag\u00f3, general director of SERHS Food, chosen as the new Cluster Foodservice\u2019s president"}]},{"@type":"WebSite","@id":"https:\/\/serhsfood.com\/#website","url":"https:\/\/serhsfood.com\/","name":"Serhs Food","description":"Alimentaci\u00f3","potentialAction":[{"@type":"SearchAction","target":{"@type":"EntryPoint","urlTemplate":"https:\/\/serhsfood.com\/?s={search_term_string}"},"query-input":{"@type":"PropertyValueSpecification","valueRequired":true,"valueName":"search_term_string"}}],"inLanguage":"en-US"},{"@type":"Person","@id":"https:\/\/serhsfood.com\/#\/schema\/person\/2bd0c86954df9ccd343970ceae4df4e1","name":"quality","url":"https:\/\/serhsfood.com\/en\/author\/quality\/"}]}},"_links":{"self":[{"href":"https:\/\/serhsfood.com\/en\/wp-json\/wp\/v2\/posts\/6719","targetHints":{"allow":["GET"]}}],"collection":[{"href":"https:\/\/serhsfood.com\/en\/wp-json\/wp\/v2\/posts"}],"about":[{"href":"https:\/\/serhsfood.com\/en\/wp-json\/wp\/v2\/types\/post"}],"author":[{"embeddable":true,"href":"https:\/\/serhsfood.com\/en\/wp-json\/wp\/v2\/users\/6"}],"replies":[{"embeddable":true,"href":"https:\/\/serhsfood.com\/en\/wp-json\/wp\/v2\/comments?post=6719"}],"version-history":[{"count":0,"href":"https:\/\/serhsfood.com\/en\/wp-json\/wp\/v2\/posts\/6719\/revisions"}],"wp:featuredmedia":[{"embeddable":true,"href":"https:\/\/serhsfood.com\/en\/wp-json\/wp\/v2\/media\/6716"}],"wp:attachment":[{"href":"https:\/\/serhsfood.com\/en\/wp-json\/wp\/v2\/media?parent=6719"}],"wp:term":[{"taxonomy":"category","embeddable":true,"href":"https:\/\/serhsfood.com\/en\/wp-json\/wp\/v2\/categories?post=6719"},{"taxonomy":"post_tag","embeddable":true,"href":"https:\/\/serhsfood.com\/en\/wp-json\/wp\/v2\/tags?post=6719"}],"curies":[{"name":"wp","href":"https:\/\/api.w.org\/{rel}","templated":true}]}}